{"id":561,"date":"2025-12-22T07:01:00","date_gmt":"2025-12-22T10:01:00","guid":{"rendered":"https:\/\/www.nexacorp.com.br\/blog\/?p=561"},"modified":"2026-01-25T07:03:45","modified_gmt":"2026-01-25T10:03:45","slug":"tendencias-em-eventos-corporativos-o-que-esperar-para-os-proximos-anos-2","status":"publish","type":"post","link":"https:\/\/www.nexacorp.com.br\/blog\/tendencias-em-eventos-corporativos-o-que-esperar-para-os-proximos-anos-2\/","title":{"rendered":"Tend\u00eancias em Eventos Corporativos: o que esperar para os pr\u00f3ximos anos"},"content":{"rendered":"\n<p>No mundo dos neg\u00f3cios, <strong>eventos corporativos<\/strong> n\u00e3o s\u00e3o apenas encontros profissionais, s\u00e3o plataformas estrat\u00e9gicas para promover marcas, engajar colaboradores, estreitar la\u00e7os com clientes e impulsionar resultados. Mas o cen\u00e1rio est\u00e1 mudando rapidamente, impulsionado por novas tecnologias, mudan\u00e7as culturais e exig\u00eancias crescentes por inova\u00e7\u00e3o e sustentabilidade.<\/p>\n\n\n\n<p>Para empresas que desejam se manter competitivas, entender as <strong>tend\u00eancias em eventos corporativos<\/strong> \u00e9 essencial. Mais do que acompanhar o mercado, trata-se de <strong>antecipar oportunidades<\/strong> e oferecer experi\u00eancias que geram valor real.<\/p>\n\n\n\n<p>E nesse contexto, contar com uma <strong>ag\u00eancia de eventos corporativos<\/strong> com vis\u00e3o estrat\u00e9gica, como a <strong>Nexacorp<\/strong>, \u00e9 um diferencial decisivo.<\/p>\n\n\n\n<h2 class=\"wp-block-heading\" id=\"h-o-novo-papel-dos-eventos-no-ecossistema-empresarial\"><a><\/a> <strong>O novo papel dos eventos no ecossistema empresarial<\/strong><\/h2>\n\n\n\n<p>Eventos corporativos est\u00e3o deixando de ser apenas \u201cmomentos marcados na agenda\u201d para se tornarem <strong>ferramentas de experi\u00eancia e posicionamento de marca<\/strong>. Cada encontro \u00e9 uma oportunidade de refor\u00e7ar valores, apresentar inova\u00e7\u00f5es, treinar equipes e gerar conex\u00f5es relevantes.<\/p>\n\n\n\n<p>Seja em uma <strong>feira de neg\u00f3cios<\/strong>, uma <strong>conven\u00e7\u00e3o de vendas<\/strong> ou um <strong>lan\u00e7amento de produto<\/strong>, o que se busca hoje \u00e9 <strong>impactar, engajar e conectar<\/strong>.<\/p>\n\n\n\n<p>Mas como fazer isso em um cen\u00e1rio em constante transforma\u00e7\u00e3o?<\/p>\n\n\n\n<p>A resposta est\u00e1 nas tend\u00eancias que moldam os eventos do futuro e no papel fundamental de uma <strong>ag\u00eancia eventos corporativos<\/strong> para traduzi-las em projetos execut\u00e1veis e memor\u00e1veis.<\/p>\n\n\n\n<h2 class=\"wp-block-heading\" id=\"h-1-hibridizacao-total-dos-formatos\"><a><\/a> <strong>1. Hibridiza\u00e7\u00e3o total dos formatos<\/strong><\/h2>\n\n\n\n<p>A pandemia acelerou a digitaliza\u00e7\u00e3o dos eventos, e isso abriu caminho para o modelo <strong>h\u00edbrido<\/strong> como padr\u00e3o. Hoje, <strong>integrar experi\u00eancias f\u00edsicas e digitais<\/strong> \u00e9 mais do que tend\u00eancia \u00e9 necessidade.<\/p>\n\n\n\n<p>Uma <strong>ag\u00eancia de eventos corporativos<\/strong> preparada, como a Nexacorp, entende que o sucesso est\u00e1 em garantir <strong>intera\u00e7\u00e3o e engajamento<\/strong> em ambos os ambientes. Isso inclui:<\/p>\n\n\n\n<ul class=\"wp-block-list\">\n<li>Plataformas de transmiss\u00e3o est\u00e1veis e interativas<br><br><\/li>\n\n\n\n<li>Ferramentas de gamifica\u00e7\u00e3o e enquetes em tempo real<br><br><\/li>\n\n\n\n<li>Conte\u00fados pensados para cada tipo de p\u00fablico (presencial e online)<br><br><\/li>\n\n\n\n<li>Experi\u00eancias imersivas para ambos os formatos<br><br><br><\/li>\n<\/ul>\n\n\n\n<p><strong>Exemplo pr\u00e1tico:<\/strong> uma conven\u00e7\u00e3o presencial com transmiss\u00f5es ao vivo, salas de breakout virtuais e \u00e1reas de networking digital, permitindo que todos participem ativamente de qualquer lugar.<\/p>\n\n\n\n<h2 class=\"wp-block-heading\" id=\"h-2-sustentabilidade-como-prioridade-estrategica\"><a><\/a> <strong>2. Sustentabilidade como prioridade estrat\u00e9gica<\/strong><\/h2>\n\n\n\n<p>A consci\u00eancia ambiental passou de diferencial para <strong>exig\u00eancia do mercado<\/strong>. Empresas querem (e precisam) realizar eventos que estejam em linha com seus compromissos ESG.<\/p>\n\n\n\n<p>Por isso, a <strong>sustentabilidade nos eventos corporativos<\/strong> se torna uma diretriz central. A Nexacorp j\u00e1 atua com pr\u00e1ticas como:<\/p>\n\n\n\n<ul class=\"wp-block-list\">\n<li><strong>Materiais reutiliz\u00e1veis e recicl\u00e1veis<\/strong> na montagem de estandes e cenografias<br><br><\/li>\n\n\n\n<li><strong>Log\u00edstica reversa<\/strong> e gest\u00e3o eficiente de res\u00edduos<br><br><\/li>\n\n\n\n<li><strong>Fornecedores com certifica\u00e7\u00f5es ambientais<br><\/strong><br><\/li>\n\n\n\n<li>Comunica\u00e7\u00e3o acess\u00edvel, reduzindo impress\u00f5es e priorizando o digital<br><br><br><\/li>\n<\/ul>\n\n\n\n<p><strong>Mais do que um gesto ambiental<\/strong>, eventos sustent\u00e1veis refor\u00e7am a reputa\u00e7\u00e3o da marca e conectam com um p\u00fablico cada vez mais consciente.<\/p>\n\n\n\n<h2 class=\"wp-block-heading\" id=\"h-3-personalizacao-em-alta-o-fim-dos-eventos-genericos\"><a><\/a> <strong>3. Personaliza\u00e7\u00e3o em alta: o fim dos eventos gen\u00e9ricos<\/strong><\/h2>\n\n\n\n<p>A era dos \u201ceventos prontos\u201d ficou para tr\u00e1s. Hoje, cada empresa exige uma solu\u00e7\u00e3o <strong>personalizada<\/strong>, que respeite seu tom de voz, cultura, objetivos e perfil de p\u00fablico.<\/p>\n\n\n\n<p>Eventos corporativos precisam <strong>conversar com quem participa<\/strong>. Isso exige planejamento estrat\u00e9gico e sensibilidade para criar experi\u00eancias \u00fanicas.<\/p>\n\n\n\n<p>Uma <strong>ag\u00eancia de eventos corporativos<\/strong> experiente entende que <strong>n\u00e3o existe receita pronta<\/strong> \u2014 cada projeto \u00e9 uma constru\u00e7\u00e3o colaborativa.<\/p>\n\n\n\n<p>A Nexacorp, por exemplo, atua lado a lado com RHs, gestores de marketing e diretores para desenvolver:<\/p>\n\n\n\n<ul class=\"wp-block-list\">\n<li><strong>Narrativas exclusivas<\/strong> que refletem a identidade da empresa<br><br><\/li>\n\n\n\n<li><strong>Cenografia sob medida<\/strong>, com ambienta\u00e7\u00f5es imersivas<br><br><\/li>\n\n\n\n<li>Conte\u00fados e din\u00e2micas que geram <strong>conex\u00e3o emocional<\/strong> com o p\u00fablico<br><br><br><\/li>\n<\/ul>\n\n\n\n<h2 class=\"wp-block-heading\" id=\"h-4-conteudo-como-ativo-central\"><a><\/a> <strong>4. Conte\u00fado como ativo central<\/strong><\/h2>\n\n\n\n<p>N\u00e3o basta reunir pessoas. Um evento s\u00f3 atinge seus objetivos quando entrega <strong>conte\u00fado relevante, estrat\u00e9gico e memor\u00e1vel<\/strong>.<\/p>\n\n\n\n<p>Nos pr\u00f3ximos anos, veremos ainda mais foco em:<\/p>\n\n\n\n<ul class=\"wp-block-list\">\n<li>Curadoria de <strong>palestrantes alinhados aos valores da marca<br><\/strong><br><\/li>\n\n\n\n<li><strong>Trilhas de conhecimento<\/strong> personalizadas por p\u00fablico ou fun\u00e7\u00e3o<br><br><\/li>\n\n\n\n<li>Sess\u00f5es com <strong>cases reais e intera\u00e7\u00f5es pr\u00e1ticas<br><\/strong><br><\/li>\n\n\n\n<li>Din\u00e2micas que promovem a <strong>cocria\u00e7\u00e3o de ideias<br><\/strong><br><br><\/li>\n<\/ul>\n\n\n\n<p>A Nexacorp, como <strong>ag\u00eancia eventos corporativos<\/strong>, oferece suporte desde a concep\u00e7\u00e3o at\u00e9 a sele\u00e7\u00e3o de conte\u00fados e facilitadores, alinhando prop\u00f3sito, forma e impacto.<\/p>\n\n\n\n<h2 class=\"wp-block-heading\" id=\"h-5-tecnologia-como-protagonista-da-experiencia\"><a><\/a> <strong>5. Tecnologia como protagonista da experi\u00eancia<\/strong><\/h2>\n\n\n\n<p>As novas tecnologias deixam de ser \u201cacess\u00f3rios\u201d e assumem o protagonismo nos eventos do futuro. Elas ajudam a <strong>potencializar a experi\u00eancia<\/strong> e a <strong>mensurar resultados com precis\u00e3o<\/strong>.<\/p>\n\n\n\n<p>Entre os recursos em alta, destacam-se:<\/p>\n\n\n\n<ul class=\"wp-block-list\">\n<li><strong>Realidade aumentada e virtual<\/strong> para ativa\u00e7\u00f5es imersivas<br><br><\/li>\n\n\n\n<li><strong>Apps personalizados<\/strong> para agenda, networking e intera\u00e7\u00f5es<br><br><\/li>\n\n\n\n<li><strong>Pain\u00e9is digitais e proje\u00e7\u00f5es mapeadas<\/strong> para impactar visualmente<br><br><\/li>\n\n\n\n<li><strong>QR Codes inteligentes<\/strong> para materiais, brindes ou conte\u00fados extras<br><br><\/li>\n\n\n\n<li><strong>An\u00e1lise de dados em tempo real<\/strong> sobre participa\u00e7\u00e3o e engajamento<br><br><br><\/li>\n<\/ul>\n\n\n\n<p>E aqui, mais uma vez, o papel da <strong>ag\u00eancia de eventos corporativos<\/strong> \u00e9 traduzir essas possibilidades em solu\u00e7\u00f5es vi\u00e1veis, com seguran\u00e7a, inova\u00e7\u00e3o e foco em resultado.<\/p>\n\n\n\n<h2 class=\"wp-block-heading\" id=\"h-6-experiencias-que-promovem-engajamento-e-pertencimento\"><a><\/a> <strong>6. Experi\u00eancias que promovem engajamento e pertencimento<\/strong><\/h2>\n\n\n\n<p>Eventos corporativos deixaram de ser apenas informativos. Eles precisam <strong>gerar sentimento de pertencimento<\/strong> tanto para p\u00fablicos internos quanto externos.<\/p>\n\n\n\n<p>Essa \u00e9 uma tend\u00eancia forte no RH e na comunica\u00e7\u00e3o interna: usar eventos como <strong>ferramenta de engajamento emocional<\/strong>.<\/p>\n\n\n\n<p>Exemplos de como a Nexacorp aplica isso:<\/p>\n\n\n\n<ul class=\"wp-block-list\">\n<li>Conven\u00e7\u00f5es com momentos de reconhecimento e premia\u00e7\u00e3o<br><br><\/li>\n\n\n\n<li>Workshops com din\u00e2micas colaborativas e interativas<br><br><\/li>\n\n\n\n<li>Eventos de lan\u00e7amento com ativa\u00e7\u00f5es que envolvem colaboradores e consumidores<br><br><\/li>\n\n\n\n<li>Ambientes criados para refor\u00e7ar os <strong>valores e prop\u00f3sito da empresa<br><\/strong><br><br><\/li>\n<\/ul>\n\n\n\n<p>Eventos bem planejados fortalecem cultura, aumentam a motiva\u00e7\u00e3o e melhoram a reten\u00e7\u00e3o de talentos.<\/p>\n\n\n\n<h2 class=\"wp-block-heading\" id=\"h-7-agilidade-e-adaptabilidade-como-diferencial-competitivo\"><a><\/a> <strong>7. Agilidade e adaptabilidade como diferencial competitivo<\/strong><\/h2>\n\n\n\n<p>Com um cen\u00e1rio de neg\u00f3cios em constante mudan\u00e7a, empresas precisam de parceiros \u00e1geis e estrat\u00e9gicos.<\/p>\n\n\n\n<p>A <strong>Nexacorp<\/strong>, com mais de 30 anos de atua\u00e7\u00e3o como <strong>ag\u00eancia de eventos corporativos<\/strong>, destaca-se por:<\/p>\n\n\n\n<ul class=\"wp-block-list\">\n<li><strong>Capacidade de resposta r\u00e1pida<\/strong> a mudan\u00e7as de escopo ou contexto<br><br><\/li>\n\n\n\n<li><strong>Vis\u00e3o estrat\u00e9gica<\/strong> que antecipa riscos e oportunidades<br><br><\/li>\n\n\n\n<li><strong>Rede confi\u00e1vel de fornecedores<\/strong>, permitindo execu\u00e7\u00e3o eficiente mesmo sob press\u00e3o<br><br><\/li>\n\n\n\n<li>Equipes multidisciplinares capazes de atuar em projetos diversos, do f\u00edsico ao digital<br><br><br><\/li>\n<\/ul>\n\n\n\n<p>Em outras palavras, a experi\u00eancia acumulada da Nexacorp \u00e9 sin\u00f4nimo de <strong>seguran\u00e7a, qualidade e inova\u00e7\u00e3o cont\u00ednua<\/strong>.<\/p>\n\n\n\n<h2 class=\"wp-block-heading\" id=\"h-8-mensuracao-de-resultados-e-roi-dos-eventos\"><a><\/a> <strong>8. Mensura\u00e7\u00e3o de resultados e ROI dos eventos<\/strong><\/h2>\n\n\n\n<p>Cada vez mais, eventos precisam provar seu valor, especialmente para \u00e1reas como marketing, comercial e recursos humanos.<\/p>\n\n\n\n<p>Por isso, cresce o uso de <strong>indicadores de performance<\/strong> (KPIs) para avaliar o sucesso de cada a\u00e7\u00e3o.<\/p>\n\n\n\n<p>Entre os dados mais valorizados:<\/p>\n\n\n\n<ul class=\"wp-block-list\">\n<li>Participa\u00e7\u00e3o ativa (presencial e online)<br><br><\/li>\n\n\n\n<li>Engajamento nas atividades e intera\u00e7\u00f5es<br><br><\/li>\n\n\n\n<li>Reten\u00e7\u00e3o de conte\u00fado e satisfa\u00e7\u00e3o dos participantes<br><br><\/li>\n\n\n\n<li>Gera\u00e7\u00e3o de leads ou oportunidades de neg\u00f3cio<br><br><\/li>\n\n\n\n<li>Alcance de marca e cobertura nas redes sociais<br><br><br><\/li>\n<\/ul>\n\n\n\n<p>Uma <strong>ag\u00eancia eventos corporativos<\/strong> moderna precisa oferecer ferramentas de <strong>mensura\u00e7\u00e3o, relat\u00f3rios e insights p\u00f3s-evento,<\/strong> algo que a Nexacorp j\u00e1 entrega como parte do seu suporte estrat\u00e9gico.<\/p>\n\n\n\n<h2 class=\"wp-block-heading\" id=\"h-9-humanizacao-e-proposito-como-guias-da-experiencia\"><a><\/a> <strong>9. Humaniza\u00e7\u00e3o e prop\u00f3sito como guias da experi\u00eancia<\/strong><\/h2>\n\n\n\n<p>Por fim, uma tend\u00eancia que atravessa todas as outras: <strong>eventos com alma<\/strong>.<\/p>\n\n\n\n<p>Marcas que se conectam de forma verdadeira com seu p\u00fablico, promovendo experi\u00eancias com prop\u00f3sito, s\u00e3o mais lembradas e respeitadas.<\/p>\n\n\n\n<p>Isso exige mais do que cen\u00e1rios bonitos ou tecnologia de ponta exige <strong>hist\u00f3rias, significado e empatia<\/strong>.<\/p>\n\n\n\n<p>A <strong>Nexacorp<\/strong> entende isso profundamente. Cada projeto \u00e9 desenhado para <strong>tocar as pessoas<\/strong>, transmitindo valores reais, promovendo inclus\u00e3o, diversidade e acessibilidade, e criando momentos que <strong>ficam na mem\u00f3ria e no cora\u00e7\u00e3o<\/strong>.<\/p>\n\n\n\n<h2 class=\"wp-block-heading\" id=\"h-o-futuro-pertence-aos-eventos-com-proposito\"><a><\/a> <strong>O futuro pertence aos eventos com prop\u00f3sito<\/strong><\/h2>\n\n\n\n<p>As tend\u00eancias dos pr\u00f3ximos anos mostram que o mercado de <strong>eventos corporativos<\/strong> est\u00e1 mais sofisticado, exigente e estrat\u00e9gico. Inova\u00e7\u00e3o, personaliza\u00e7\u00e3o, sustentabilidade e prop\u00f3sito ser\u00e3o os pilares das experi\u00eancias empresariais de alto impacto.<\/p>\n\n\n\n<p>Nesse contexto, contar com uma <strong>ag\u00eancia de eventos corporativos<\/strong> que alia <strong>experi\u00eancia, criatividade e vis\u00e3o de futuro<\/strong> faz toda a diferen\u00e7a.<\/p>\n\n\n\n<p>A <strong>Nexacorp<\/strong> est\u00e1 pronta para transformar desafios em oportunidades, e encontros profissionais em <strong>experi\u00eancias memor\u00e1veis que fortalecem marcas, equipes e resultados<\/strong>.<\/p>\n","protected":false},"excerpt":{"rendered":"<p>No mundo dos neg\u00f3cios, eventos corporativos n\u00e3o s\u00e3o apenas encontros profissionais, s\u00e3o plataformas estrat\u00e9gicas para promover marcas, engajar colaboradores, estreitar la\u00e7os com clientes e impulsionar&hellip;<\/p>\n","protected":false},"author":2,"featured_media":562,"comment_status":"open","ping_status":"open","sticky":false,"template":"","format":"standard","meta":{"footnotes":""},"categories":[29],"tags":[43,42,32,40,59,44,36,30,52,50,58,48,49],"class_list":["post-561","post","type-post","status-publish","format-standard","has-post-thumbnail","hentry","category-eventos-corporativos","tag-agencia-de-eventos-corporativos","tag-agencia-eventos","tag-evento","tag-evento-corporativo","tag-evento-hibrido","tag-eventos","tag-eventos-corporativo","tag-eventos-corporativos","tag-eventos-corporativos-multinacionais","tag-eventos-de-grande-porte","tag-eventos-hibridos","tag-eventos-virtuais","tag-eventos-virtual",""],"yoast_head":"<!-- This site is optimized with the Yoast SEO Premium plugin v25.9 (Yoast SEO v27.5) - https:\/\/yoast.com\/product\/yoast-seo-premium-wordpress\/ -->\n<title>Eventos Corporativos: Tend\u00eancias em Eventos Corporativos: o que esperar para os pr\u00f3ximos anos - Nexacorp<\/title>\n<meta name=\"description\" content=\"No mundo dos neg\u00f3cios, eventos corporativos n\u00e3o s\u00e3o apenas encontros profissionais, s\u00e3o plataformas estrat\u00e9gicas para promover marcas...\" \/>\n<meta name=\"robots\" content=\"index, follow, max-snippet:-1, max-image-preview:large, max-video-preview:-1\" \/>\n<link rel=\"canonical\" href=\"https:\/\/www.nexacorp.com.br\/blog\/tendencias-em-eventos-corporativos-o-que-esperar-para-os-proximos-anos-2\/\" \/>\n<meta property=\"og:locale\" content=\"pt_BR\" \/>\n<meta property=\"og:type\" content=\"article\" \/>\n<meta property=\"og:title\" content=\"Tend\u00eancias em Eventos Corporativos: o que esperar para os pr\u00f3ximos anos\" \/>\n<meta property=\"og:description\" content=\"No mundo dos neg\u00f3cios, eventos corporativos n\u00e3o s\u00e3o apenas encontros profissionais, s\u00e3o plataformas estrat\u00e9gicas para promover marcas...\" \/>\n<meta property=\"og:url\" content=\"https:\/\/www.nexacorp.com.br\/blog\/tendencias-em-eventos-corporativos-o-que-esperar-para-os-proximos-anos-2\/\" \/>\n<meta property=\"og:site_name\" content=\"Nexacorp\" \/>\n<meta property=\"article:publisher\" content=\"https:\/\/www.facebook.com\/clinicanatur\" \/>\n<meta property=\"article:published_time\" content=\"2025-12-22T10:01:00+00:00\" \/>\n<meta property=\"article:modified_time\" content=\"2026-01-25T10:03:45+00:00\" \/>\n<meta property=\"og:image\" content=\"https:\/\/www.nexacorp.com.br\/blog\/wp-content\/uploads\/2026\/01\/eventos-corporativos.jpg\" \/>\n\t<meta property=\"og:image:width\" content=\"740\" \/>\n\t<meta property=\"og:image:height\" content=\"493\" \/>\n\t<meta property=\"og:image:type\" content=\"image\/jpeg\" \/>\n<meta name=\"author\" content=\"Admin\" \/>\n<meta name=\"twitter:card\" content=\"summary_large_image\" \/>\n<meta name=\"twitter:label1\" content=\"Escrito por\" \/>\n\t<meta name=\"twitter:data1\" content=\"Admin\" \/>\n\t<meta name=\"twitter:label2\" content=\"Est. tempo de leitura\" \/>\n\t<meta name=\"twitter:data2\" content=\"7 minutos\" \/>\n<script type=\"application\/ld+json\" class=\"yoast-schema-graph\">{\"@context\":\"https:\\\/\\\/schema.org\",\"@graph\":[{\"@type\":\"Article\",\"@id\":\"https:\\\/\\\/www.nexacorp.com.br\\\/blog\\\/tendencias-em-eventos-corporativos-o-que-esperar-para-os-proximos-anos-2\\\/#article\",\"isPartOf\":{\"@id\":\"https:\\\/\\\/www.nexacorp.com.br\\\/blog\\\/tendencias-em-eventos-corporativos-o-que-esperar-para-os-proximos-anos-2\\\/\"},\"author\":{\"name\":\"Admin\",\"@id\":\"https:\\\/\\\/www.nexacorp.com.br\\\/blog\\\/#\\\/schema\\\/person\\\/fc4c45f297f0b2b6d331821e5c42aee1\"},\"headline\":\"Tend\u00eancias em Eventos Corporativos: o que esperar para os pr\u00f3ximos anos\",\"datePublished\":\"2025-12-22T10:01:00+00:00\",\"dateModified\":\"2026-01-25T10:03:45+00:00\",\"mainEntityOfPage\":{\"@id\":\"https:\\\/\\\/www.nexacorp.com.br\\\/blog\\\/tendencias-em-eventos-corporativos-o-que-esperar-para-os-proximos-anos-2\\\/\"},\"wordCount\":1362,\"commentCount\":0,\"publisher\":{\"@id\":\"https:\\\/\\\/www.nexacorp.com.br\\\/blog\\\/#organization\"},\"image\":{\"@id\":\"https:\\\/\\\/www.nexacorp.com.br\\\/blog\\\/tendencias-em-eventos-corporativos-o-que-esperar-para-os-proximos-anos-2\\\/#primaryimage\"},\"thumbnailUrl\":\"https:\\\/\\\/www.nexacorp.com.br\\\/blog\\\/wp-content\\\/uploads\\\/2026\\\/01\\\/eventos-corporativos.jpg\",\"keywords\":[\"Ag\u00eancia de Eventos Corporativos\",\"Ag\u00eancia Eventos\",\"Evento\",\"Evento Corporativo\",\"Evento H\u00edbrido\",\"Eventos\",\"Eventos Corporativo\",\"eventos corporativos\",\"Eventos Corporativos Multinacionais\",\"Eventos de Grande Porte\",\"Eventos H\u00edbridos\",\"Eventos Virtuais\",\"Eventos Virtual\"],\"articleSection\":[\"Eventos Corporativos\"],\"inLanguage\":\"pt-BR\",\"potentialAction\":[{\"@type\":\"CommentAction\",\"name\":\"Comment\",\"target\":[\"https:\\\/\\\/www.nexacorp.com.br\\\/blog\\\/tendencias-em-eventos-corporativos-o-que-esperar-para-os-proximos-anos-2\\\/#respond\"]}]},{\"@type\":\"WebPage\",\"@id\":\"https:\\\/\\\/www.nexacorp.com.br\\\/blog\\\/tendencias-em-eventos-corporativos-o-que-esperar-para-os-proximos-anos-2\\\/\",\"url\":\"https:\\\/\\\/www.nexacorp.com.br\\\/blog\\\/tendencias-em-eventos-corporativos-o-que-esperar-para-os-proximos-anos-2\\\/\",\"name\":\"Eventos Corporativos: Tend\u00eancias em Eventos Corporativos: o que esperar para os pr\u00f3ximos anos - Nexacorp\",\"isPartOf\":{\"@id\":\"https:\\\/\\\/www.nexacorp.com.br\\\/blog\\\/#website\"},\"primaryImageOfPage\":{\"@id\":\"https:\\\/\\\/www.nexacorp.com.br\\\/blog\\\/tendencias-em-eventos-corporativos-o-que-esperar-para-os-proximos-anos-2\\\/#primaryimage\"},\"image\":{\"@id\":\"https:\\\/\\\/www.nexacorp.com.br\\\/blog\\\/tendencias-em-eventos-corporativos-o-que-esperar-para-os-proximos-anos-2\\\/#primaryimage\"},\"thumbnailUrl\":\"https:\\\/\\\/www.nexacorp.com.br\\\/blog\\\/wp-content\\\/uploads\\\/2026\\\/01\\\/eventos-corporativos.jpg\",\"datePublished\":\"2025-12-22T10:01:00+00:00\",\"dateModified\":\"2026-01-25T10:03:45+00:00\",\"description\":\"No mundo dos neg\u00f3cios, eventos corporativos n\u00e3o s\u00e3o apenas encontros profissionais, s\u00e3o plataformas estrat\u00e9gicas para promover marcas...\",\"breadcrumb\":{\"@id\":\"https:\\\/\\\/www.nexacorp.com.br\\\/blog\\\/tendencias-em-eventos-corporativos-o-que-esperar-para-os-proximos-anos-2\\\/#breadcrumb\"},\"inLanguage\":\"pt-BR\",\"potentialAction\":[{\"@type\":\"ReadAction\",\"target\":[\"https:\\\/\\\/www.nexacorp.com.br\\\/blog\\\/tendencias-em-eventos-corporativos-o-que-esperar-para-os-proximos-anos-2\\\/\"]}]},{\"@type\":\"ImageObject\",\"inLanguage\":\"pt-BR\",\"@id\":\"https:\\\/\\\/www.nexacorp.com.br\\\/blog\\\/tendencias-em-eventos-corporativos-o-que-esperar-para-os-proximos-anos-2\\\/#primaryimage\",\"url\":\"https:\\\/\\\/www.nexacorp.com.br\\\/blog\\\/wp-content\\\/uploads\\\/2026\\\/01\\\/eventos-corporativos.jpg\",\"contentUrl\":\"https:\\\/\\\/www.nexacorp.com.br\\\/blog\\\/wp-content\\\/uploads\\\/2026\\\/01\\\/eventos-corporativos.jpg\",\"width\":740,\"height\":493,\"caption\":\"Eventos Corporativos\"},{\"@type\":\"BreadcrumbList\",\"@id\":\"https:\\\/\\\/www.nexacorp.com.br\\\/blog\\\/tendencias-em-eventos-corporativos-o-que-esperar-para-os-proximos-anos-2\\\/#breadcrumb\",\"itemListElement\":[{\"@type\":\"ListItem\",\"position\":1,\"name\":\"In\u00edcio\",\"item\":\"https:\\\/\\\/www.nexacorp.com.br\\\/blog\\\/\"},{\"@type\":\"ListItem\",\"position\":2,\"name\":\"Tend\u00eancias em Eventos Corporativos: o que esperar para os pr\u00f3ximos anos\"}]},{\"@type\":\"WebSite\",\"@id\":\"https:\\\/\\\/www.nexacorp.com.br\\\/blog\\\/#website\",\"url\":\"https:\\\/\\\/www.nexacorp.com.br\\\/blog\\\/\",\"name\":\"Cl\u00ednica Natural Health\",\"description\":\"Na NexaCorp, a excel\u00eancia e a inova\u00e7\u00e3o se encontram para criar eventos corporativos que s\u00e3o verdadeiramente inesquec\u00edveis.\",\"publisher\":{\"@id\":\"https:\\\/\\\/www.nexacorp.com.br\\\/blog\\\/#organization\"},\"potentialAction\":[{\"@type\":\"SearchAction\",\"target\":{\"@type\":\"EntryPoint\",\"urlTemplate\":\"https:\\\/\\\/www.nexacorp.com.br\\\/blog\\\/?s={search_term_string}\"},\"query-input\":{\"@type\":\"PropertyValueSpecification\",\"valueRequired\":true,\"valueName\":\"search_term_string\"}}],\"inLanguage\":\"pt-BR\"},{\"@type\":[\"Organization\",\"Place\"],\"@id\":\"https:\\\/\\\/www.nexacorp.com.br\\\/blog\\\/#organization\",\"name\":\"Natural Health\",\"alternateName\":\"Natural Health\",\"url\":\"https:\\\/\\\/www.nexacorp.com.br\\\/blog\\\/\",\"logo\":{\"@id\":\"https:\\\/\\\/www.nexacorp.com.br\\\/blog\\\/tendencias-em-eventos-corporativos-o-que-esperar-para-os-proximos-anos-2\\\/#local-main-organization-logo\"},\"image\":{\"@id\":\"https:\\\/\\\/www.nexacorp.com.br\\\/blog\\\/tendencias-em-eventos-corporativos-o-que-esperar-para-os-proximos-anos-2\\\/#local-main-organization-logo\"},\"sameAs\":[\"https:\\\/\\\/www.facebook.com\\\/clinicanatur\"],\"description\":\"Somos uma cl\u00ednica especializada em terapias hol\u00edsticas e ortomoleculares. Nosso foco \u00e9 tratar a causa dos problemas de sa\u00fade e n\u00e3o apenas os sintomas, acolhendo cada pessoa de forma \u00fanica.\",\"telephone\":[],\"openingHoursSpecification\":[{\"@type\":\"OpeningHoursSpecification\",\"dayOfWeek\":[\"Sunday\",\"Monday\",\"Tuesday\",\"Wednesday\",\"Thursday\",\"Friday\",\"Saturday\"],\"opens\":\"09:00\",\"closes\":\"17:00\"}]},{\"@type\":\"Person\",\"@id\":\"https:\\\/\\\/www.nexacorp.com.br\\\/blog\\\/#\\\/schema\\\/person\\\/fc4c45f297f0b2b6d331821e5c42aee1\",\"name\":\"Admin\",\"image\":{\"@type\":\"ImageObject\",\"inLanguage\":\"pt-BR\",\"@id\":\"https:\\\/\\\/secure.gravatar.com\\\/avatar\\\/ae92580851fb03298934a1b9611b38c6dbe9c76ce20ff6d3222955b1fd38e5da?s=96&d=mm&r=g\",\"url\":\"https:\\\/\\\/secure.gravatar.com\\\/avatar\\\/ae92580851fb03298934a1b9611b38c6dbe9c76ce20ff6d3222955b1fd38e5da?s=96&d=mm&r=g\",\"contentUrl\":\"https:\\\/\\\/secure.gravatar.com\\\/avatar\\\/ae92580851fb03298934a1b9611b38c6dbe9c76ce20ff6d3222955b1fd38e5da?s=96&d=mm&r=g\",\"caption\":\"Admin\"},\"url\":\"https:\\\/\\\/www.nexacorp.com.br\\\/blog\\\/author\\\/admin\\\/\"},{\"@type\":\"ImageObject\",\"inLanguage\":\"pt-BR\",\"@id\":\"https:\\\/\\\/www.nexacorp.com.br\\\/blog\\\/tendencias-em-eventos-corporativos-o-que-esperar-para-os-proximos-anos-2\\\/#local-main-organization-logo\",\"url\":\"https:\\\/\\\/www.nexacorp.com.br\\\/blog\\\/wp-content\\\/uploads\\\/2025\\\/09\\\/logo.webp\",\"contentUrl\":\"https:\\\/\\\/www.nexacorp.com.br\\\/blog\\\/wp-content\\\/uploads\\\/2025\\\/09\\\/logo.webp\",\"width\":105,\"height\":61,\"caption\":\"Natural Health\"}]}<\/script>\n<!-- \/ Yoast SEO Premium plugin. -->","yoast_head_json":{"title":"Eventos Corporativos: Tend\u00eancias em Eventos Corporativos: o que esperar para os pr\u00f3ximos anos - Nexacorp","description":"No mundo dos neg\u00f3cios, eventos corporativos n\u00e3o s\u00e3o apenas encontros profissionais, s\u00e3o plataformas estrat\u00e9gicas para promover marcas...","robots":{"index":"index","follow":"follow","max-snippet":"max-snippet:-1","max-image-preview":"max-image-preview:large","max-video-preview":"max-video-preview:-1"},"canonical":"https:\/\/www.nexacorp.com.br\/blog\/tendencias-em-eventos-corporativos-o-que-esperar-para-os-proximos-anos-2\/","og_locale":"pt_BR","og_type":"article","og_title":"Tend\u00eancias em Eventos Corporativos: o que esperar para os pr\u00f3ximos anos","og_description":"No mundo dos neg\u00f3cios, eventos corporativos n\u00e3o s\u00e3o apenas encontros profissionais, s\u00e3o plataformas estrat\u00e9gicas para promover marcas...","og_url":"https:\/\/www.nexacorp.com.br\/blog\/tendencias-em-eventos-corporativos-o-que-esperar-para-os-proximos-anos-2\/","og_site_name":"Nexacorp","article_publisher":"https:\/\/www.facebook.com\/clinicanatur","article_published_time":"2025-12-22T10:01:00+00:00","article_modified_time":"2026-01-25T10:03:45+00:00","og_image":[{"width":740,"height":493,"url":"https:\/\/www.nexacorp.com.br\/blog\/wp-content\/uploads\/2026\/01\/eventos-corporativos.jpg","type":"image\/jpeg"}],"author":"Admin","twitter_card":"summary_large_image","twitter_misc":{"Escrito por":"Admin","Est. tempo de leitura":"7 minutos"},"schema":{"@context":"https:\/\/schema.org","@graph":[{"@type":"Article","@id":"https:\/\/www.nexacorp.com.br\/blog\/tendencias-em-eventos-corporativos-o-que-esperar-para-os-proximos-anos-2\/#article","isPartOf":{"@id":"https:\/\/www.nexacorp.com.br\/blog\/tendencias-em-eventos-corporativos-o-que-esperar-para-os-proximos-anos-2\/"},"author":{"name":"Admin","@id":"https:\/\/www.nexacorp.com.br\/blog\/#\/schema\/person\/fc4c45f297f0b2b6d331821e5c42aee1"},"headline":"Tend\u00eancias em Eventos Corporativos: o que esperar para os pr\u00f3ximos anos","datePublished":"2025-12-22T10:01:00+00:00","dateModified":"2026-01-25T10:03:45+00:00","mainEntityOfPage":{"@id":"https:\/\/www.nexacorp.com.br\/blog\/tendencias-em-eventos-corporativos-o-que-esperar-para-os-proximos-anos-2\/"},"wordCount":1362,"commentCount":0,"publisher":{"@id":"https:\/\/www.nexacorp.com.br\/blog\/#organization"},"image":{"@id":"https:\/\/www.nexacorp.com.br\/blog\/tendencias-em-eventos-corporativos-o-que-esperar-para-os-proximos-anos-2\/#primaryimage"},"thumbnailUrl":"https:\/\/www.nexacorp.com.br\/blog\/wp-content\/uploads\/2026\/01\/eventos-corporativos.jpg","keywords":["Ag\u00eancia de Eventos Corporativos","Ag\u00eancia Eventos","Evento","Evento Corporativo","Evento H\u00edbrido","Eventos","Eventos Corporativo","eventos corporativos","Eventos Corporativos Multinacionais","Eventos de Grande Porte","Eventos H\u00edbridos","Eventos Virtuais","Eventos Virtual"],"articleSection":["Eventos Corporativos"],"inLanguage":"pt-BR","potentialAction":[{"@type":"CommentAction","name":"Comment","target":["https:\/\/www.nexacorp.com.br\/blog\/tendencias-em-eventos-corporativos-o-que-esperar-para-os-proximos-anos-2\/#respond"]}]},{"@type":"WebPage","@id":"https:\/\/www.nexacorp.com.br\/blog\/tendencias-em-eventos-corporativos-o-que-esperar-para-os-proximos-anos-2\/","url":"https:\/\/www.nexacorp.com.br\/blog\/tendencias-em-eventos-corporativos-o-que-esperar-para-os-proximos-anos-2\/","name":"Eventos Corporativos: Tend\u00eancias em Eventos Corporativos: o que esperar para os pr\u00f3ximos anos - Nexacorp","isPartOf":{"@id":"https:\/\/www.nexacorp.com.br\/blog\/#website"},"primaryImageOfPage":{"@id":"https:\/\/www.nexacorp.com.br\/blog\/tendencias-em-eventos-corporativos-o-que-esperar-para-os-proximos-anos-2\/#primaryimage"},"image":{"@id":"https:\/\/www.nexacorp.com.br\/blog\/tendencias-em-eventos-corporativos-o-que-esperar-para-os-proximos-anos-2\/#primaryimage"},"thumbnailUrl":"https:\/\/www.nexacorp.com.br\/blog\/wp-content\/uploads\/2026\/01\/eventos-corporativos.jpg","datePublished":"2025-12-22T10:01:00+00:00","dateModified":"2026-01-25T10:03:45+00:00","description":"No mundo dos neg\u00f3cios, eventos corporativos n\u00e3o s\u00e3o apenas encontros profissionais, s\u00e3o plataformas estrat\u00e9gicas para promover marcas...","breadcrumb":{"@id":"https:\/\/www.nexacorp.com.br\/blog\/tendencias-em-eventos-corporativos-o-que-esperar-para-os-proximos-anos-2\/#breadcrumb"},"inLanguage":"pt-BR","potentialAction":[{"@type":"ReadAction","target":["https:\/\/www.nexacorp.com.br\/blog\/tendencias-em-eventos-corporativos-o-que-esperar-para-os-proximos-anos-2\/"]}]},{"@type":"ImageObject","inLanguage":"pt-BR","@id":"https:\/\/www.nexacorp.com.br\/blog\/tendencias-em-eventos-corporativos-o-que-esperar-para-os-proximos-anos-2\/#primaryimage","url":"https:\/\/www.nexacorp.com.br\/blog\/wp-content\/uploads\/2026\/01\/eventos-corporativos.jpg","contentUrl":"https:\/\/www.nexacorp.com.br\/blog\/wp-content\/uploads\/2026\/01\/eventos-corporativos.jpg","width":740,"height":493,"caption":"Eventos Corporativos"},{"@type":"BreadcrumbList","@id":"https:\/\/www.nexacorp.com.br\/blog\/tendencias-em-eventos-corporativos-o-que-esperar-para-os-proximos-anos-2\/#breadcrumb","itemListElement":[{"@type":"ListItem","position":1,"name":"In\u00edcio","item":"https:\/\/www.nexacorp.com.br\/blog\/"},{"@type":"ListItem","position":2,"name":"Tend\u00eancias em Eventos Corporativos: o que esperar para os pr\u00f3ximos anos"}]},{"@type":"WebSite","@id":"https:\/\/www.nexacorp.com.br\/blog\/#website","url":"https:\/\/www.nexacorp.com.br\/blog\/","name":"Cl\u00ednica Natural Health","description":"Na NexaCorp, a excel\u00eancia e a inova\u00e7\u00e3o se encontram para criar eventos corporativos que s\u00e3o verdadeiramente inesquec\u00edveis.","publisher":{"@id":"https:\/\/www.nexacorp.com.br\/blog\/#organization"},"potentialAction":[{"@type":"SearchAction","target":{"@type":"EntryPoint","urlTemplate":"https:\/\/www.nexacorp.com.br\/blog\/?s={search_term_string}"},"query-input":{"@type":"PropertyValueSpecification","valueRequired":true,"valueName":"search_term_string"}}],"inLanguage":"pt-BR"},{"@type":["Organization","Place"],"@id":"https:\/\/www.nexacorp.com.br\/blog\/#organization","name":"Natural Health","alternateName":"Natural Health","url":"https:\/\/www.nexacorp.com.br\/blog\/","logo":{"@id":"https:\/\/www.nexacorp.com.br\/blog\/tendencias-em-eventos-corporativos-o-que-esperar-para-os-proximos-anos-2\/#local-main-organization-logo"},"image":{"@id":"https:\/\/www.nexacorp.com.br\/blog\/tendencias-em-eventos-corporativos-o-que-esperar-para-os-proximos-anos-2\/#local-main-organization-logo"},"sameAs":["https:\/\/www.facebook.com\/clinicanatur"],"description":"Somos uma cl\u00ednica especializada em terapias hol\u00edsticas e ortomoleculares. Nosso foco \u00e9 tratar a causa dos problemas de sa\u00fade e n\u00e3o apenas os sintomas, acolhendo cada pessoa de forma \u00fanica.","telephone":[],"openingHoursSpecification":[{"@type":"OpeningHoursSpecification","dayOfWeek":["Sunday","Monday","Tuesday","Wednesday","Thursday","Friday","Saturday"],"opens":"09:00","closes":"17:00"}]},{"@type":"Person","@id":"https:\/\/www.nexacorp.com.br\/blog\/#\/schema\/person\/fc4c45f297f0b2b6d331821e5c42aee1","name":"Admin","image":{"@type":"ImageObject","inLanguage":"pt-BR","@id":"https:\/\/secure.gravatar.com\/avatar\/ae92580851fb03298934a1b9611b38c6dbe9c76ce20ff6d3222955b1fd38e5da?s=96&d=mm&r=g","url":"https:\/\/secure.gravatar.com\/avatar\/ae92580851fb03298934a1b9611b38c6dbe9c76ce20ff6d3222955b1fd38e5da?s=96&d=mm&r=g","contentUrl":"https:\/\/secure.gravatar.com\/avatar\/ae92580851fb03298934a1b9611b38c6dbe9c76ce20ff6d3222955b1fd38e5da?s=96&d=mm&r=g","caption":"Admin"},"url":"https:\/\/www.nexacorp.com.br\/blog\/author\/admin\/"},{"@type":"ImageObject","inLanguage":"pt-BR","@id":"https:\/\/www.nexacorp.com.br\/blog\/tendencias-em-eventos-corporativos-o-que-esperar-para-os-proximos-anos-2\/#local-main-organization-logo","url":"https:\/\/www.nexacorp.com.br\/blog\/wp-content\/uploads\/2025\/09\/logo.webp","contentUrl":"https:\/\/www.nexacorp.com.br\/blog\/wp-content\/uploads\/2025\/09\/logo.webp","width":105,"height":61,"caption":"Natural Health"}]}},"_links":{"self":[{"href":"https:\/\/www.nexacorp.com.br\/blog\/wp-json\/wp\/v2\/posts\/561","targetHints":{"allow":["GET"]}}],"collection":[{"href":"https:\/\/www.nexacorp.com.br\/blog\/wp-json\/wp\/v2\/posts"}],"about":[{"href":"https:\/\/www.nexacorp.com.br\/blog\/wp-json\/wp\/v2\/types\/post"}],"author":[{"embeddable":true,"href":"https:\/\/www.nexacorp.com.br\/blog\/wp-json\/wp\/v2\/users\/2"}],"replies":[{"embeddable":true,"href":"https:\/\/www.nexacorp.com.br\/blog\/wp-json\/wp\/v2\/comments?post=561"}],"version-history":[{"count":1,"href":"https:\/\/www.nexacorp.com.br\/blog\/wp-json\/wp\/v2\/posts\/561\/revisions"}],"predecessor-version":[{"id":563,"href":"https:\/\/www.nexacorp.com.br\/blog\/wp-json\/wp\/v2\/posts\/561\/revisions\/563"}],"wp:featuredmedia":[{"embeddable":true,"href":"https:\/\/www.nexacorp.com.br\/blog\/wp-json\/wp\/v2\/media\/562"}],"wp:attachment":[{"href":"https:\/\/www.nexacorp.com.br\/blog\/wp-json\/wp\/v2\/media?parent=561"}],"wp:term":[{"taxonomy":"category","embeddable":true,"href":"https:\/\/www.nexacorp.com.br\/blog\/wp-json\/wp\/v2\/categories?post=561"},{"taxonomy":"post_tag","embeddable":true,"href":"https:\/\/www.nexacorp.com.br\/blog\/wp-json\/wp\/v2\/tags?post=561"}],"curies":[{"name":"wp","href":"https:\/\/api.w.org\/{rel}","templated":true}]}}