{"id":528,"date":"2025-11-21T07:39:04","date_gmt":"2025-11-21T10:39:04","guid":{"rendered":"https:\/\/www.nexacorp.com.br\/blog\/?p=528"},"modified":"2025-11-28T07:41:01","modified_gmt":"2025-11-28T10:41:01","slug":"a-jornada-do-participante-como-criar-experiencias-personalizadas-em-eventos","status":"publish","type":"post","link":"https:\/\/www.nexacorp.com.br\/blog\/a-jornada-do-participante-como-criar-experiencias-personalizadas-em-eventos\/","title":{"rendered":"A Jornada do Participante: Como Criar Experi\u00eancias Personalizadas em Eventos"},"content":{"rendered":"\n<p>Em um mundo em que o p\u00fablico valoriza cada vez mais conex\u00f5es reais, <strong>personalizar a experi\u00eancia em eventos corporativos<\/strong> n\u00e3o \u00e9 mais um diferencial, \u00e9 uma <strong>exig\u00eancia estrat\u00e9gica<\/strong>. Seja em feiras, conven\u00e7\u00f5es, treinamentos ou lan\u00e7amentos, entender e desenhar a <strong>jornada do participante<\/strong> \u00e9 essencial para criar <strong>eventos que engajam, encantam e entregam resultados reais<\/strong>.<\/p>\n\n\n\n<p>A personaliza\u00e7\u00e3o impacta diretamente no n\u00edvel de aten\u00e7\u00e3o, participa\u00e7\u00e3o e reten\u00e7\u00e3o da mensagem. E para que isso aconte\u00e7a de forma eficiente e integrada, \u00e9 fundamental contar com uma <strong>ag\u00eancia de eventos corporativos<\/strong> experiente como a <strong>Nexacorp<\/strong>, que combina estrat\u00e9gia, criatividade e tecnologia para <strong>construir experi\u00eancias \u00fanicas para cada p\u00fablico<\/strong>.<\/p>\n\n\n\n<h2 class=\"wp-block-heading\" id=\"h-o-que-e-a-jornada-do-participante\"><a><\/a> <strong>O que \u00e9 a jornada do participante?<\/strong><\/h2>\n\n\n\n<p>A <strong>jornada do participante<\/strong> \u00e9 o mapeamento completo da experi\u00eancia de uma pessoa antes, durante e depois do evento. Ela considera todos os pontos de contato e busca <strong>entender as expectativas, emo\u00e7\u00f5es e comportamentos<\/strong> em cada etapa.<\/p>\n\n\n\n<p>Quando bem desenhada, essa jornada permite criar <strong>intera\u00e7\u00f5es personalizadas<\/strong>, que <strong>fazem sentido para cada perfil de p\u00fablico<\/strong>, ampliando o impacto do evento e fortalecendo o posicionamento da marca.<\/p>\n\n\n\n<h2 class=\"wp-block-heading\" id=\"h-por-que-personalizar-eventos-corporativos\"><a><\/a> <strong>Por que personalizar eventos corporativos?<\/strong><\/h2>\n\n\n\n<p>Eventos corporativos gen\u00e9ricos, com mensagens padronizadas e experi\u00eancias superficiais, <strong>n\u00e3o criam conex\u00e3o verdadeira<\/strong>. Em contrapartida, experi\u00eancias personalizadas:<\/p>\n\n\n\n<ul class=\"wp-block-list\">\n<li><strong>Aumentam o engajamento do p\u00fablico<\/strong> durante o evento.<br><br><\/li>\n\n\n\n<li><strong>Geram lembran\u00e7a positiva da marca e dos conte\u00fados apresentados.<br><\/strong><br><\/li>\n\n\n\n<li>Refor\u00e7am o posicionamento institucional com autenticidade.<br><br><\/li>\n\n\n\n<li>Criam v\u00ednculos emocionais com colaboradores, clientes e parceiros.<br><br><\/li>\n\n\n\n<li><strong>Transformam eventos em ferramentas de fideliza\u00e7\u00e3o e relacionamento.<br><\/strong><br><br><\/li>\n<\/ul>\n\n\n\n<p>A <strong>Nexacorp<\/strong>, como ag\u00eancia de eventos corporativos com mais de 30 anos de atua\u00e7\u00e3o, domina a arte de <strong>criar jornadas personalizadas e experi\u00eancias sob medida<\/strong>, traduzindo o DNA da empresa em cada detalhe.<\/p>\n\n\n\n<h2 class=\"wp-block-heading\" id=\"h-etapas-da-jornada-do-participante-em-eventos-corporativos\"><a><\/a> <strong>Etapas da jornada do participante em eventos corporativos<\/strong><\/h2>\n\n\n\n<h3 class=\"wp-block-heading\" id=\"h-1-pre-evento-gerar-expectativa-e-conexao-inicial\"><a><\/a> <strong>1. Pr\u00e9-evento: gerar expectativa e conex\u00e3o inicial<\/strong><\/h3>\n\n\n\n<p>Tudo come\u00e7a <strong>antes mesmo do evento acontecer<\/strong>. O pr\u00e9-evento \u00e9 o momento de <strong>despertar interesse, engajar o p\u00fablico e iniciar a experi\u00eancia<\/strong>.<\/p>\n\n\n\n<p><strong>Boas pr\u00e1ticas:<\/strong><\/p>\n\n\n\n<ul class=\"wp-block-list\">\n<li>Convites personalizados com identidade visual exclusiva.<br><br><\/li>\n\n\n\n<li>Landing pages com conte\u00fado din\u00e2mico e segmentado.<br><br><\/li>\n\n\n\n<li>Teasers, v\u00eddeos e campanhas de engajamento nas redes sociais.<br><br><\/li>\n\n\n\n<li>Envio de kits f\u00edsicos com itens que antecipam o clima do evento.<br><br><br><\/li>\n<\/ul>\n\n\n\n<p>A <strong>ag\u00eancia de eventos corporativos<\/strong> deve pensar estrategicamente em <strong>como envolver o participante desde o primeiro contato<\/strong>, usando linguagem, est\u00e9tica e canais adequados ao seu perfil.<\/p>\n\n\n\n<h3 class=\"wp-block-heading\" id=\"h-2-credenciamento-e-chegada-a-primeira-impressao-conta-muito\"><a><\/a> <strong>2. Credenciamento e chegada: a primeira impress\u00e3o conta muito<\/strong><\/h3>\n\n\n\n<p>O momento da chegada define o tom da experi\u00eancia. Um credenciamento frio e desorganizado pode comprometer toda a percep\u00e7\u00e3o do evento enquanto uma recep\u00e7\u00e3o calorosa, eficiente e bem pensada j\u00e1 <strong>encanta o participante logo de in\u00edcio<\/strong>.<\/p>\n\n\n\n<p><strong>Exemplos de personaliza\u00e7\u00e3o:<\/strong><\/p>\n\n\n\n<ul class=\"wp-block-list\">\n<li>Totens de autoatendimento com reconhecimento facial ou QR code.<br><br><\/li>\n\n\n\n<li>Acolhimento por promotores treinados com foco em hospitalidade.<br><br><\/li>\n\n\n\n<li>Ambienta\u00e7\u00e3o sensorial no espa\u00e7o de entrada (luz, som, aromas).<br><br><\/li>\n\n\n\n<li>Sinaliza\u00e7\u00e3o personalizada com nomes, cargos ou \u00e1reas de interesse.<br><br><br><\/li>\n<\/ul>\n\n\n\n<p>A <strong>Nexacorp<\/strong> investe em <strong>log\u00edstica fluida, ambienta\u00e7\u00e3o estrat\u00e9gica e tecnologias de credenciamento<\/strong>, criando experi\u00eancias agrad\u00e1veis e sem atritos.<\/p>\n\n\n\n<h3 class=\"wp-block-heading\" id=\"h-3-durante-o-evento-conteudo-sob-medida-e-experiencias-interativas\"><a><\/a> <strong>3. Durante o evento: conte\u00fado sob medida e experi\u00eancias interativas<\/strong><\/h3>\n\n\n\n<p>\u00c9 aqui que a personaliza\u00e7\u00e3o faz sua maior diferen\u00e7a. Com o p\u00fablico no local (f\u00edsico ou digital), \u00e9 fundamental <strong>garantir que cada participante se sinta visto, ouvido e envolvido<\/strong> com o que est\u00e1 sendo apresentado.<\/p>\n\n\n\n<p><strong>Como personalizar essa etapa:<\/strong><\/p>\n\n\n\n<ul class=\"wp-block-list\">\n<li>Trilha de conte\u00fado adaptada por perfil (ex: t\u00e9cnico, executivo, comercial).<br><br><\/li>\n\n\n\n<li>App do evento com agenda individual, notifica\u00e7\u00f5es e networking inteligente.<br><br><\/li>\n\n\n\n<li>Esta\u00e7\u00f5es de experi\u00eancia personalizadas por \u00e1rea de interesse.<br><br><\/li>\n\n\n\n<li>Din\u00e2micas interativas com gamifica\u00e7\u00e3o e feedback em tempo real.<br><br><br><\/li>\n<\/ul>\n\n\n\n<p>Nos eventos h\u00edbridos ou digitais, a <strong>tecnologia \u00e9 aliada essencial<\/strong> para entregar <strong>conte\u00fado segmentado e experi\u00eancias customizadas<\/strong>, como salas exclusivas, avatares personalizados e realidade aumentada.<\/p>\n\n\n\n<h3 class=\"wp-block-heading\" id=\"h-4-pos-evento-manter-o-vinculo-e-ampliar-os-resultados\"><a><\/a> <strong>4. P\u00f3s-evento: manter o v\u00ednculo e ampliar os resultados<\/strong><\/h3>\n\n\n\n<p>Muitos eventos corporativos perdem valor por encerrar a experi\u00eancia no fim da programa\u00e7\u00e3o. O <strong>p\u00f3s-evento \u00e9 uma fase estrat\u00e9gica para consolidar aprendizados, manter relacionamento e colher resultados<\/strong>.<\/p>\n\n\n\n<p><strong>A\u00e7\u00f5es p\u00f3s-evento personalizadas:<\/strong><\/p>\n\n\n\n<ul class=\"wp-block-list\">\n<li>Envio de certificados, fotos e conte\u00fados com base na participa\u00e7\u00e3o de cada pessoa.<br><br><\/li>\n\n\n\n<li>Pesquisas segmentadas de satisfa\u00e7\u00e3o e sugest\u00f5es.<br><br><\/li>\n\n\n\n<li>Acesso on-demand a trilhas espec\u00edficas de conte\u00fado.<br><br><\/li>\n\n\n\n<li>Follow-up por e-mail marketing com propostas, resumos ou novas intera\u00e7\u00f5es.<br><br><br><\/li>\n<\/ul>\n\n\n\n<p>Uma <strong>ag\u00eancia de eventos corporativos<\/strong> comprometida com resultado, como a <strong>Nexacorp<\/strong>, planeja a <strong>jornada completa<\/strong>, incluindo estrat\u00e9gias de reten\u00e7\u00e3o, CRM e aproveitamento de dados para decis\u00f5es futuras.<\/p>\n\n\n\n<h2 class=\"wp-block-heading\" id=\"h-ferramentas-e-recursos-que-viabilizam-experiencias-personalizadas\"><a><\/a> <strong>Ferramentas e recursos que viabilizam experi\u00eancias personalizadas<\/strong><\/h2>\n\n\n\n<h3 class=\"wp-block-heading\" id=\"h-segmentacao-de-publico-e-personas\"><a><\/a> \ud83c\udfaf <strong>Segmenta\u00e7\u00e3o de p\u00fablico e personas<\/strong><\/h3>\n\n\n\n<p>Antes de tudo, \u00e9 preciso conhecer o p\u00fablico. A Nexacorp utiliza pesquisas, entrevistas e dados de mercado para <strong>criar personas estrat\u00e9gicas<\/strong> e construir jornadas espec\u00edficas para cada uma.<\/p>\n\n\n\n<h3 class=\"wp-block-heading\" id=\"h-tecnologia-como-facilitadora\"><a><\/a> \ud83d\udcf1 <strong>Tecnologia como facilitadora<\/strong><\/h3>\n\n\n\n<ul class=\"wp-block-list\">\n<li>Apps pr\u00f3prios para eventos com login individual.<br><br><\/li>\n\n\n\n<li>QR codes din\u00e2micos para acessar conte\u00fados personalizados.<br><br><\/li>\n\n\n\n<li>Gamifica\u00e7\u00e3o que pontua intera\u00e7\u00f5es espec\u00edficas de cada perfil.<br><br><\/li>\n\n\n\n<li>Intelig\u00eancia de dados para acompanhar o comportamento do p\u00fablico em tempo real.<br><br><br><\/li>\n<\/ul>\n\n\n\n<h3 class=\"wp-block-heading\" id=\"h-curadoria-de-conteudo-dirigida\"><a><\/a> \ud83e\udde0 <strong>Curadoria de conte\u00fado dirigida<\/strong><\/h3>\n\n\n\n<p>Nada de conte\u00fados gen\u00e9ricos. A Nexacorp realiza <strong>curadoria com base em dados, tend\u00eancias e perfis<\/strong>, escolhendo palestrantes, formatos e temas que <strong>dialogam com cada segmento do p\u00fablico<\/strong>.<\/p>\n\n\n\n<h3 class=\"wp-block-heading\" id=\"h-cenografia-e-ambientacao-com-proposito\"><a><\/a> \ud83d\uddbc\ufe0f <strong>Cenografia e ambienta\u00e7\u00e3o com prop\u00f3sito<\/strong><\/h3>\n\n\n\n<p>Espa\u00e7os f\u00edsicos e digitais que <strong>expressam a identidade da empresa e acolhem diferentes p\u00fablicos<\/strong>. \u00c9 poss\u00edvel criar \u00e1reas espec\u00edficas por temas, setores ou n\u00edveis hier\u00e1rquicos, tudo planejado para maximizar a experi\u00eancia.<\/p>\n\n\n\n<h2 class=\"wp-block-heading\" id=\"h-personalizacao-e-estrategia\"><a><\/a> <strong>Personaliza\u00e7\u00e3o \u00e9 estrat\u00e9gia<\/strong><\/h2>\n\n\n\n<p>Empresas que se destacam na realiza\u00e7\u00e3o de eventos s\u00e3o aquelas que <strong>entendem seu p\u00fablico em profundidade e constroem experi\u00eancias relevantes e \u00fanicas<\/strong>. Isso exige muito mais do que criatividade: exige <strong>planejamento, an\u00e1lise de dados, dom\u00ednio de tecnologia e sensibilidade humana<\/strong>.<\/p>\n\n\n\n<p>\u00c9 por isso que a Nexacorp atua como <strong>ag\u00eancia de eventos corporativos focada em criar experi\u00eancias personalizadas que entregam valor real para as marcas e seus p\u00fablicos<\/strong>.<\/p>\n\n\n\n<h2 class=\"wp-block-heading\" id=\"h-quando-investir-em-eventos-personalizados\"><a><\/a> <strong>Quando investir em eventos personalizados?<\/strong><\/h2>\n\n\n\n<ul class=\"wp-block-list\">\n<li>Lan\u00e7amentos de produtos com diferentes stakeholders (clientes, imprensa, time interno).<br><br><\/li>\n\n\n\n<li>Treinamentos para p\u00fablicos com diferentes n\u00edveis de conhecimento.<br><br><\/li>\n\n\n\n<li>Conven\u00e7\u00f5es de vendas para equipes regionais com perfis diversos.<br><br><\/li>\n\n\n\n<li>Eventos h\u00edbridos com participantes presenciais e online com necessidades distintas.<br><br><\/li>\n\n\n\n<li>Feiras e exposi\u00e7\u00f5es com m\u00faltiplos segmentos de visitantes.<br><br><br><\/li>\n<\/ul>\n\n\n\n<p>Nesses cen\u00e1rios, um evento padronizado n\u00e3o alcan\u00e7a o mesmo impacto. <strong>A personaliza\u00e7\u00e3o aumenta o engajamento, melhora a reten\u00e7\u00e3o da mensagem e fortalece a percep\u00e7\u00e3o da marca<\/strong>.<\/p>\n\n\n\n<h2 class=\"wp-block-heading\" id=\"h-a-nexacorp-entrega-experiencias-com-significado\"><a><\/a> <strong>A Nexacorp entrega experi\u00eancias com significado<\/strong><\/h2>\n\n\n\n<p>Com mais de 30 anos no mercado, a <strong>Nexacorp<\/strong> \u00e9 refer\u00eancia como <strong>ag\u00eancia de eventos corporativos<\/strong>, atuando com excel\u00eancia em:<\/p>\n\n\n\n<ul class=\"wp-block-list\">\n<li><strong>Feiras, conven\u00e7\u00f5es, treinamentos e lan\u00e7amentos de produtos<\/strong>.<br><br><\/li>\n\n\n\n<li><strong>Eventos h\u00edbridos e digitais<\/strong>, com tecnologia de ponta.<br><br><\/li>\n\n\n\n<li><strong>Planejamento estrat\u00e9gico<\/strong>, desde o conceito at\u00e9 o p\u00f3s-evento.<br><br><\/li>\n\n\n\n<li><strong>Cria\u00e7\u00e3o de identidade visual<\/strong>, cenografia e ambienta\u00e7\u00e3o.<br><br><\/li>\n\n\n\n<li><strong>Log\u00edstica e suporte tecnol\u00f3gico de alto desempenho<\/strong>.<br><br><\/li>\n\n\n\n<li>Compromisso com <strong>sustentabilidade, inova\u00e7\u00e3o e atendimento personalizado<\/strong>.<br><br><br><\/li>\n<\/ul>\n\n\n\n<p>A Nexacorp desenha e executa <strong>experi\u00eancias completas e personalizadas<\/strong>, com base em uma metodologia que integra criatividade, dados e objetivos de neg\u00f3cio.<\/p>\n\n\n\n<p>Criar uma jornada do participante rica, coerente e personalizada \u00e9 transformar um evento em um <strong>marco estrat\u00e9gico<\/strong> na comunica\u00e7\u00e3o da sua marca. Se voc\u00ea quer <strong>ir al\u00e9m do esperado e encantar de verdade<\/strong>, a Nexacorp est\u00e1 pronta para caminhar com voc\u00ea.<\/p>\n","protected":false},"excerpt":{"rendered":"<p>Em um mundo em que o p\u00fablico valoriza cada vez mais conex\u00f5es reais, personalizar a experi\u00eancia em eventos corporativos n\u00e3o \u00e9 mais um diferencial, \u00e9&hellip;<\/p>\n","protected":false},"author":2,"featured_media":529,"comment_status":"open","ping_status":"open","sticky":false,"template":"","format":"standard","meta":{"footnotes":""},"categories":[29],"tags":[43,42,32,40,44,36,30,52,50,58,48,49],"class_list":["post-528","post","type-post","status-publish","format-standard","has-post-thumbnail","hentry","category-eventos-corporativos","tag-agencia-de-eventos-corporativos","tag-agencia-eventos","tag-evento","tag-evento-corporativo","tag-eventos","tag-eventos-corporativo","tag-eventos-corporativos","tag-eventos-corporativos-multinacionais","tag-eventos-de-grande-porte","tag-eventos-hibridos","tag-eventos-virtuais","tag-eventos-virtual",""],"yoast_head":"<!-- This site is optimized with the Yoast SEO Premium plugin v25.9 (Yoast SEO v27.5) - https:\/\/yoast.com\/product\/yoast-seo-premium-wordpress\/ -->\n<title>A Jornada do Participante: Como Criar Experi\u00eancias Personalizadas em Eventos - Nexacorp<\/title>\n<meta name=\"description\" content=\"Seja em feiras, conven\u00e7\u00f5es, treinamentos ou lan\u00e7amentos, entender e desenhar a jornada do participante \u00e9 essencial para criar eventos...\" \/>\n<meta name=\"robots\" content=\"index, follow, max-snippet:-1, max-image-preview:large, max-video-preview:-1\" \/>\n<link rel=\"canonical\" href=\"https:\/\/www.nexacorp.com.br\/blog\/a-jornada-do-participante-como-criar-experiencias-personalizadas-em-eventos\/\" \/>\n<meta property=\"og:locale\" content=\"pt_BR\" \/>\n<meta property=\"og:type\" content=\"article\" \/>\n<meta property=\"og:title\" content=\"A Jornada do Participante: Como Criar Experi\u00eancias Personalizadas em Eventos\" \/>\n<meta property=\"og:description\" content=\"Seja em feiras, conven\u00e7\u00f5es, treinamentos ou lan\u00e7amentos, entender e desenhar a jornada do participante \u00e9 essencial para criar eventos...\" \/>\n<meta property=\"og:url\" content=\"https:\/\/www.nexacorp.com.br\/blog\/a-jornada-do-participante-como-criar-experiencias-personalizadas-em-eventos\/\" \/>\n<meta property=\"og:site_name\" content=\"Nexacorp\" \/>\n<meta property=\"article:publisher\" content=\"https:\/\/www.facebook.com\/clinicanatur\" \/>\n<meta property=\"article:published_time\" content=\"2025-11-21T10:39:04+00:00\" \/>\n<meta property=\"article:modified_time\" content=\"2025-11-28T10:41:01+00:00\" \/>\n<meta property=\"og:image\" content=\"https:\/\/www.nexacorp.com.br\/blog\/wp-content\/uploads\/2025\/11\/jornada-do-participante.jpg\" \/>\n\t<meta property=\"og:image:width\" content=\"740\" \/>\n\t<meta property=\"og:image:height\" content=\"493\" \/>\n\t<meta property=\"og:image:type\" content=\"image\/jpeg\" \/>\n<meta name=\"author\" content=\"Admin\" \/>\n<meta name=\"twitter:card\" content=\"summary_large_image\" \/>\n<meta name=\"twitter:label1\" content=\"Escrito por\" \/>\n\t<meta name=\"twitter:data1\" content=\"Admin\" \/>\n\t<meta name=\"twitter:label2\" content=\"Est. tempo de leitura\" \/>\n\t<meta name=\"twitter:data2\" content=\"7 minutos\" \/>\n<script type=\"application\/ld+json\" class=\"yoast-schema-graph\">{\"@context\":\"https:\\\/\\\/schema.org\",\"@graph\":[{\"@type\":\"Article\",\"@id\":\"https:\\\/\\\/www.nexacorp.com.br\\\/blog\\\/a-jornada-do-participante-como-criar-experiencias-personalizadas-em-eventos\\\/#article\",\"isPartOf\":{\"@id\":\"https:\\\/\\\/www.nexacorp.com.br\\\/blog\\\/a-jornada-do-participante-como-criar-experiencias-personalizadas-em-eventos\\\/\"},\"author\":{\"name\":\"Admin\",\"@id\":\"https:\\\/\\\/www.nexacorp.com.br\\\/blog\\\/#\\\/schema\\\/person\\\/fc4c45f297f0b2b6d331821e5c42aee1\"},\"headline\":\"A Jornada do Participante: Como Criar Experi\u00eancias Personalizadas em Eventos\",\"datePublished\":\"2025-11-21T10:39:04+00:00\",\"dateModified\":\"2025-11-28T10:41:01+00:00\",\"mainEntityOfPage\":{\"@id\":\"https:\\\/\\\/www.nexacorp.com.br\\\/blog\\\/a-jornada-do-participante-como-criar-experiencias-personalizadas-em-eventos\\\/\"},\"wordCount\":1263,\"commentCount\":0,\"publisher\":{\"@id\":\"https:\\\/\\\/www.nexacorp.com.br\\\/blog\\\/#organization\"},\"image\":{\"@id\":\"https:\\\/\\\/www.nexacorp.com.br\\\/blog\\\/a-jornada-do-participante-como-criar-experiencias-personalizadas-em-eventos\\\/#primaryimage\"},\"thumbnailUrl\":\"https:\\\/\\\/www.nexacorp.com.br\\\/blog\\\/wp-content\\\/uploads\\\/2025\\\/11\\\/jornada-do-participante.jpg\",\"keywords\":[\"Ag\u00eancia de Eventos Corporativos\",\"Ag\u00eancia Eventos\",\"Evento\",\"Evento Corporativo\",\"Eventos\",\"Eventos Corporativo\",\"eventos corporativos\",\"Eventos Corporativos Multinacionais\",\"Eventos de Grande Porte\",\"Eventos H\u00edbridos\",\"Eventos Virtuais\",\"Eventos Virtual\"],\"articleSection\":[\"Eventos Corporativos\"],\"inLanguage\":\"pt-BR\",\"potentialAction\":[{\"@type\":\"CommentAction\",\"name\":\"Comment\",\"target\":[\"https:\\\/\\\/www.nexacorp.com.br\\\/blog\\\/a-jornada-do-participante-como-criar-experiencias-personalizadas-em-eventos\\\/#respond\"]}]},{\"@type\":\"WebPage\",\"@id\":\"https:\\\/\\\/www.nexacorp.com.br\\\/blog\\\/a-jornada-do-participante-como-criar-experiencias-personalizadas-em-eventos\\\/\",\"url\":\"https:\\\/\\\/www.nexacorp.com.br\\\/blog\\\/a-jornada-do-participante-como-criar-experiencias-personalizadas-em-eventos\\\/\",\"name\":\"A Jornada do Participante: Como Criar Experi\u00eancias Personalizadas em Eventos - Nexacorp\",\"isPartOf\":{\"@id\":\"https:\\\/\\\/www.nexacorp.com.br\\\/blog\\\/#website\"},\"primaryImageOfPage\":{\"@id\":\"https:\\\/\\\/www.nexacorp.com.br\\\/blog\\\/a-jornada-do-participante-como-criar-experiencias-personalizadas-em-eventos\\\/#primaryimage\"},\"image\":{\"@id\":\"https:\\\/\\\/www.nexacorp.com.br\\\/blog\\\/a-jornada-do-participante-como-criar-experiencias-personalizadas-em-eventos\\\/#primaryimage\"},\"thumbnailUrl\":\"https:\\\/\\\/www.nexacorp.com.br\\\/blog\\\/wp-content\\\/uploads\\\/2025\\\/11\\\/jornada-do-participante.jpg\",\"datePublished\":\"2025-11-21T10:39:04+00:00\",\"dateModified\":\"2025-11-28T10:41:01+00:00\",\"description\":\"Seja em feiras, conven\u00e7\u00f5es, treinamentos ou lan\u00e7amentos, entender e desenhar a jornada do participante \u00e9 essencial para criar eventos...\",\"breadcrumb\":{\"@id\":\"https:\\\/\\\/www.nexacorp.com.br\\\/blog\\\/a-jornada-do-participante-como-criar-experiencias-personalizadas-em-eventos\\\/#breadcrumb\"},\"inLanguage\":\"pt-BR\",\"potentialAction\":[{\"@type\":\"ReadAction\",\"target\":[\"https:\\\/\\\/www.nexacorp.com.br\\\/blog\\\/a-jornada-do-participante-como-criar-experiencias-personalizadas-em-eventos\\\/\"]}]},{\"@type\":\"ImageObject\",\"inLanguage\":\"pt-BR\",\"@id\":\"https:\\\/\\\/www.nexacorp.com.br\\\/blog\\\/a-jornada-do-participante-como-criar-experiencias-personalizadas-em-eventos\\\/#primaryimage\",\"url\":\"https:\\\/\\\/www.nexacorp.com.br\\\/blog\\\/wp-content\\\/uploads\\\/2025\\\/11\\\/jornada-do-participante.jpg\",\"contentUrl\":\"https:\\\/\\\/www.nexacorp.com.br\\\/blog\\\/wp-content\\\/uploads\\\/2025\\\/11\\\/jornada-do-participante.jpg\",\"width\":740,\"height\":493,\"caption\":\"jornada do participante\"},{\"@type\":\"BreadcrumbList\",\"@id\":\"https:\\\/\\\/www.nexacorp.com.br\\\/blog\\\/a-jornada-do-participante-como-criar-experiencias-personalizadas-em-eventos\\\/#breadcrumb\",\"itemListElement\":[{\"@type\":\"ListItem\",\"position\":1,\"name\":\"In\u00edcio\",\"item\":\"https:\\\/\\\/www.nexacorp.com.br\\\/blog\\\/\"},{\"@type\":\"ListItem\",\"position\":2,\"name\":\"A Jornada do Participante: Como Criar Experi\u00eancias Personalizadas em Eventos\"}]},{\"@type\":\"WebSite\",\"@id\":\"https:\\\/\\\/www.nexacorp.com.br\\\/blog\\\/#website\",\"url\":\"https:\\\/\\\/www.nexacorp.com.br\\\/blog\\\/\",\"name\":\"Cl\u00ednica Natural Health\",\"description\":\"Na NexaCorp, a excel\u00eancia e a inova\u00e7\u00e3o se encontram para criar eventos corporativos que s\u00e3o verdadeiramente inesquec\u00edveis.\",\"publisher\":{\"@id\":\"https:\\\/\\\/www.nexacorp.com.br\\\/blog\\\/#organization\"},\"potentialAction\":[{\"@type\":\"SearchAction\",\"target\":{\"@type\":\"EntryPoint\",\"urlTemplate\":\"https:\\\/\\\/www.nexacorp.com.br\\\/blog\\\/?s={search_term_string}\"},\"query-input\":{\"@type\":\"PropertyValueSpecification\",\"valueRequired\":true,\"valueName\":\"search_term_string\"}}],\"inLanguage\":\"pt-BR\"},{\"@type\":[\"Organization\",\"Place\"],\"@id\":\"https:\\\/\\\/www.nexacorp.com.br\\\/blog\\\/#organization\",\"name\":\"Natural Health\",\"alternateName\":\"Natural Health\",\"url\":\"https:\\\/\\\/www.nexacorp.com.br\\\/blog\\\/\",\"logo\":{\"@id\":\"https:\\\/\\\/www.nexacorp.com.br\\\/blog\\\/a-jornada-do-participante-como-criar-experiencias-personalizadas-em-eventos\\\/#local-main-organization-logo\"},\"image\":{\"@id\":\"https:\\\/\\\/www.nexacorp.com.br\\\/blog\\\/a-jornada-do-participante-como-criar-experiencias-personalizadas-em-eventos\\\/#local-main-organization-logo\"},\"sameAs\":[\"https:\\\/\\\/www.facebook.com\\\/clinicanatur\"],\"description\":\"Somos uma cl\u00ednica especializada em terapias hol\u00edsticas e ortomoleculares. Nosso foco \u00e9 tratar a causa dos problemas de sa\u00fade e n\u00e3o apenas os sintomas, acolhendo cada pessoa de forma \u00fanica.\",\"telephone\":[],\"openingHoursSpecification\":[{\"@type\":\"OpeningHoursSpecification\",\"dayOfWeek\":[\"Sunday\",\"Monday\",\"Tuesday\",\"Wednesday\",\"Thursday\",\"Friday\",\"Saturday\"],\"opens\":\"09:00\",\"closes\":\"17:00\"}]},{\"@type\":\"Person\",\"@id\":\"https:\\\/\\\/www.nexacorp.com.br\\\/blog\\\/#\\\/schema\\\/person\\\/fc4c45f297f0b2b6d331821e5c42aee1\",\"name\":\"Admin\",\"image\":{\"@type\":\"ImageObject\",\"inLanguage\":\"pt-BR\",\"@id\":\"https:\\\/\\\/secure.gravatar.com\\\/avatar\\\/ae92580851fb03298934a1b9611b38c6dbe9c76ce20ff6d3222955b1fd38e5da?s=96&d=mm&r=g\",\"url\":\"https:\\\/\\\/secure.gravatar.com\\\/avatar\\\/ae92580851fb03298934a1b9611b38c6dbe9c76ce20ff6d3222955b1fd38e5da?s=96&d=mm&r=g\",\"contentUrl\":\"https:\\\/\\\/secure.gravatar.com\\\/avatar\\\/ae92580851fb03298934a1b9611b38c6dbe9c76ce20ff6d3222955b1fd38e5da?s=96&d=mm&r=g\",\"caption\":\"Admin\"},\"url\":\"https:\\\/\\\/www.nexacorp.com.br\\\/blog\\\/author\\\/admin\\\/\"},{\"@type\":\"ImageObject\",\"inLanguage\":\"pt-BR\",\"@id\":\"https:\\\/\\\/www.nexacorp.com.br\\\/blog\\\/a-jornada-do-participante-como-criar-experiencias-personalizadas-em-eventos\\\/#local-main-organization-logo\",\"url\":\"https:\\\/\\\/www.nexacorp.com.br\\\/blog\\\/wp-content\\\/uploads\\\/2025\\\/09\\\/logo.webp\",\"contentUrl\":\"https:\\\/\\\/www.nexacorp.com.br\\\/blog\\\/wp-content\\\/uploads\\\/2025\\\/09\\\/logo.webp\",\"width\":105,\"height\":61,\"caption\":\"Natural Health\"}]}<\/script>\n<!-- \/ Yoast SEO Premium plugin. -->","yoast_head_json":{"title":"A Jornada do Participante: Como Criar Experi\u00eancias Personalizadas em Eventos - Nexacorp","description":"Seja em feiras, conven\u00e7\u00f5es, treinamentos ou lan\u00e7amentos, entender e desenhar a jornada do participante \u00e9 essencial para criar eventos...","robots":{"index":"index","follow":"follow","max-snippet":"max-snippet:-1","max-image-preview":"max-image-preview:large","max-video-preview":"max-video-preview:-1"},"canonical":"https:\/\/www.nexacorp.com.br\/blog\/a-jornada-do-participante-como-criar-experiencias-personalizadas-em-eventos\/","og_locale":"pt_BR","og_type":"article","og_title":"A Jornada do Participante: Como Criar Experi\u00eancias Personalizadas em Eventos","og_description":"Seja em feiras, conven\u00e7\u00f5es, treinamentos ou lan\u00e7amentos, entender e desenhar a jornada do participante \u00e9 essencial para criar eventos...","og_url":"https:\/\/www.nexacorp.com.br\/blog\/a-jornada-do-participante-como-criar-experiencias-personalizadas-em-eventos\/","og_site_name":"Nexacorp","article_publisher":"https:\/\/www.facebook.com\/clinicanatur","article_published_time":"2025-11-21T10:39:04+00:00","article_modified_time":"2025-11-28T10:41:01+00:00","og_image":[{"width":740,"height":493,"url":"https:\/\/www.nexacorp.com.br\/blog\/wp-content\/uploads\/2025\/11\/jornada-do-participante.jpg","type":"image\/jpeg"}],"author":"Admin","twitter_card":"summary_large_image","twitter_misc":{"Escrito por":"Admin","Est. tempo de leitura":"7 minutos"},"schema":{"@context":"https:\/\/schema.org","@graph":[{"@type":"Article","@id":"https:\/\/www.nexacorp.com.br\/blog\/a-jornada-do-participante-como-criar-experiencias-personalizadas-em-eventos\/#article","isPartOf":{"@id":"https:\/\/www.nexacorp.com.br\/blog\/a-jornada-do-participante-como-criar-experiencias-personalizadas-em-eventos\/"},"author":{"name":"Admin","@id":"https:\/\/www.nexacorp.com.br\/blog\/#\/schema\/person\/fc4c45f297f0b2b6d331821e5c42aee1"},"headline":"A Jornada do Participante: Como Criar Experi\u00eancias Personalizadas em Eventos","datePublished":"2025-11-21T10:39:04+00:00","dateModified":"2025-11-28T10:41:01+00:00","mainEntityOfPage":{"@id":"https:\/\/www.nexacorp.com.br\/blog\/a-jornada-do-participante-como-criar-experiencias-personalizadas-em-eventos\/"},"wordCount":1263,"commentCount":0,"publisher":{"@id":"https:\/\/www.nexacorp.com.br\/blog\/#organization"},"image":{"@id":"https:\/\/www.nexacorp.com.br\/blog\/a-jornada-do-participante-como-criar-experiencias-personalizadas-em-eventos\/#primaryimage"},"thumbnailUrl":"https:\/\/www.nexacorp.com.br\/blog\/wp-content\/uploads\/2025\/11\/jornada-do-participante.jpg","keywords":["Ag\u00eancia de Eventos Corporativos","Ag\u00eancia Eventos","Evento","Evento Corporativo","Eventos","Eventos Corporativo","eventos corporativos","Eventos Corporativos Multinacionais","Eventos de Grande Porte","Eventos H\u00edbridos","Eventos Virtuais","Eventos Virtual"],"articleSection":["Eventos Corporativos"],"inLanguage":"pt-BR","potentialAction":[{"@type":"CommentAction","name":"Comment","target":["https:\/\/www.nexacorp.com.br\/blog\/a-jornada-do-participante-como-criar-experiencias-personalizadas-em-eventos\/#respond"]}]},{"@type":"WebPage","@id":"https:\/\/www.nexacorp.com.br\/blog\/a-jornada-do-participante-como-criar-experiencias-personalizadas-em-eventos\/","url":"https:\/\/www.nexacorp.com.br\/blog\/a-jornada-do-participante-como-criar-experiencias-personalizadas-em-eventos\/","name":"A Jornada do Participante: Como Criar Experi\u00eancias Personalizadas em Eventos - Nexacorp","isPartOf":{"@id":"https:\/\/www.nexacorp.com.br\/blog\/#website"},"primaryImageOfPage":{"@id":"https:\/\/www.nexacorp.com.br\/blog\/a-jornada-do-participante-como-criar-experiencias-personalizadas-em-eventos\/#primaryimage"},"image":{"@id":"https:\/\/www.nexacorp.com.br\/blog\/a-jornada-do-participante-como-criar-experiencias-personalizadas-em-eventos\/#primaryimage"},"thumbnailUrl":"https:\/\/www.nexacorp.com.br\/blog\/wp-content\/uploads\/2025\/11\/jornada-do-participante.jpg","datePublished":"2025-11-21T10:39:04+00:00","dateModified":"2025-11-28T10:41:01+00:00","description":"Seja em feiras, conven\u00e7\u00f5es, treinamentos ou lan\u00e7amentos, entender e desenhar a jornada do participante \u00e9 essencial para criar eventos...","breadcrumb":{"@id":"https:\/\/www.nexacorp.com.br\/blog\/a-jornada-do-participante-como-criar-experiencias-personalizadas-em-eventos\/#breadcrumb"},"inLanguage":"pt-BR","potentialAction":[{"@type":"ReadAction","target":["https:\/\/www.nexacorp.com.br\/blog\/a-jornada-do-participante-como-criar-experiencias-personalizadas-em-eventos\/"]}]},{"@type":"ImageObject","inLanguage":"pt-BR","@id":"https:\/\/www.nexacorp.com.br\/blog\/a-jornada-do-participante-como-criar-experiencias-personalizadas-em-eventos\/#primaryimage","url":"https:\/\/www.nexacorp.com.br\/blog\/wp-content\/uploads\/2025\/11\/jornada-do-participante.jpg","contentUrl":"https:\/\/www.nexacorp.com.br\/blog\/wp-content\/uploads\/2025\/11\/jornada-do-participante.jpg","width":740,"height":493,"caption":"jornada do participante"},{"@type":"BreadcrumbList","@id":"https:\/\/www.nexacorp.com.br\/blog\/a-jornada-do-participante-como-criar-experiencias-personalizadas-em-eventos\/#breadcrumb","itemListElement":[{"@type":"ListItem","position":1,"name":"In\u00edcio","item":"https:\/\/www.nexacorp.com.br\/blog\/"},{"@type":"ListItem","position":2,"name":"A Jornada do Participante: Como Criar Experi\u00eancias Personalizadas em Eventos"}]},{"@type":"WebSite","@id":"https:\/\/www.nexacorp.com.br\/blog\/#website","url":"https:\/\/www.nexacorp.com.br\/blog\/","name":"Cl\u00ednica Natural Health","description":"Na NexaCorp, a excel\u00eancia e a inova\u00e7\u00e3o se encontram para criar eventos corporativos que s\u00e3o verdadeiramente inesquec\u00edveis.","publisher":{"@id":"https:\/\/www.nexacorp.com.br\/blog\/#organization"},"potentialAction":[{"@type":"SearchAction","target":{"@type":"EntryPoint","urlTemplate":"https:\/\/www.nexacorp.com.br\/blog\/?s={search_term_string}"},"query-input":{"@type":"PropertyValueSpecification","valueRequired":true,"valueName":"search_term_string"}}],"inLanguage":"pt-BR"},{"@type":["Organization","Place"],"@id":"https:\/\/www.nexacorp.com.br\/blog\/#organization","name":"Natural Health","alternateName":"Natural Health","url":"https:\/\/www.nexacorp.com.br\/blog\/","logo":{"@id":"https:\/\/www.nexacorp.com.br\/blog\/a-jornada-do-participante-como-criar-experiencias-personalizadas-em-eventos\/#local-main-organization-logo"},"image":{"@id":"https:\/\/www.nexacorp.com.br\/blog\/a-jornada-do-participante-como-criar-experiencias-personalizadas-em-eventos\/#local-main-organization-logo"},"sameAs":["https:\/\/www.facebook.com\/clinicanatur"],"description":"Somos uma cl\u00ednica especializada em terapias hol\u00edsticas e ortomoleculares. Nosso foco \u00e9 tratar a causa dos problemas de sa\u00fade e n\u00e3o apenas os sintomas, acolhendo cada pessoa de forma \u00fanica.","telephone":[],"openingHoursSpecification":[{"@type":"OpeningHoursSpecification","dayOfWeek":["Sunday","Monday","Tuesday","Wednesday","Thursday","Friday","Saturday"],"opens":"09:00","closes":"17:00"}]},{"@type":"Person","@id":"https:\/\/www.nexacorp.com.br\/blog\/#\/schema\/person\/fc4c45f297f0b2b6d331821e5c42aee1","name":"Admin","image":{"@type":"ImageObject","inLanguage":"pt-BR","@id":"https:\/\/secure.gravatar.com\/avatar\/ae92580851fb03298934a1b9611b38c6dbe9c76ce20ff6d3222955b1fd38e5da?s=96&d=mm&r=g","url":"https:\/\/secure.gravatar.com\/avatar\/ae92580851fb03298934a1b9611b38c6dbe9c76ce20ff6d3222955b1fd38e5da?s=96&d=mm&r=g","contentUrl":"https:\/\/secure.gravatar.com\/avatar\/ae92580851fb03298934a1b9611b38c6dbe9c76ce20ff6d3222955b1fd38e5da?s=96&d=mm&r=g","caption":"Admin"},"url":"https:\/\/www.nexacorp.com.br\/blog\/author\/admin\/"},{"@type":"ImageObject","inLanguage":"pt-BR","@id":"https:\/\/www.nexacorp.com.br\/blog\/a-jornada-do-participante-como-criar-experiencias-personalizadas-em-eventos\/#local-main-organization-logo","url":"https:\/\/www.nexacorp.com.br\/blog\/wp-content\/uploads\/2025\/09\/logo.webp","contentUrl":"https:\/\/www.nexacorp.com.br\/blog\/wp-content\/uploads\/2025\/09\/logo.webp","width":105,"height":61,"caption":"Natural Health"}]}},"_links":{"self":[{"href":"https:\/\/www.nexacorp.com.br\/blog\/wp-json\/wp\/v2\/posts\/528","targetHints":{"allow":["GET"]}}],"collection":[{"href":"https:\/\/www.nexacorp.com.br\/blog\/wp-json\/wp\/v2\/posts"}],"about":[{"href":"https:\/\/www.nexacorp.com.br\/blog\/wp-json\/wp\/v2\/types\/post"}],"author":[{"embeddable":true,"href":"https:\/\/www.nexacorp.com.br\/blog\/wp-json\/wp\/v2\/users\/2"}],"replies":[{"embeddable":true,"href":"https:\/\/www.nexacorp.com.br\/blog\/wp-json\/wp\/v2\/comments?post=528"}],"version-history":[{"count":1,"href":"https:\/\/www.nexacorp.com.br\/blog\/wp-json\/wp\/v2\/posts\/528\/revisions"}],"predecessor-version":[{"id":530,"href":"https:\/\/www.nexacorp.com.br\/blog\/wp-json\/wp\/v2\/posts\/528\/revisions\/530"}],"wp:featuredmedia":[{"embeddable":true,"href":"https:\/\/www.nexacorp.com.br\/blog\/wp-json\/wp\/v2\/media\/529"}],"wp:attachment":[{"href":"https:\/\/www.nexacorp.com.br\/blog\/wp-json\/wp\/v2\/media?parent=528"}],"wp:term":[{"taxonomy":"category","embeddable":true,"href":"https:\/\/www.nexacorp.com.br\/blog\/wp-json\/wp\/v2\/categories?post=528"},{"taxonomy":"post_tag","embeddable":true,"href":"https:\/\/www.nexacorp.com.br\/blog\/wp-json\/wp\/v2\/tags?post=528"}],"curies":[{"name":"wp","href":"https:\/\/api.w.org\/{rel}","templated":true}]}}