{"id":522,"date":"2025-11-19T07:34:47","date_gmt":"2025-11-19T10:34:47","guid":{"rendered":"https:\/\/www.nexacorp.com.br\/blog\/?p=522"},"modified":"2025-11-28T07:36:25","modified_gmt":"2025-11-28T10:36:25","slug":"eventos-corporativos-como-estrategia-de-employer-branding","status":"publish","type":"post","link":"https:\/\/www.nexacorp.com.br\/blog\/eventos-corporativos-como-estrategia-de-employer-branding\/","title":{"rendered":"Eventos Corporativos como Estrat\u00e9gia de Employer Branding"},"content":{"rendered":"\n<p>Em um cen\u00e1rio de alta competitividade por talentos e mudan\u00e7as nas rela\u00e7\u00f5es de trabalho, <strong>construir uma marca empregadora forte<\/strong> (o chamado <em>Employer Branding<\/em>) tornou-se prioridade estrat\u00e9gica para empresas de todos os portes. Mais do que oferecer bons sal\u00e1rios ou benef\u00edcios, \u00e9 preciso <strong>gerar experi\u00eancias aut\u00eanticas que expressem a cultura, os valores e o prop\u00f3sito da organiza\u00e7\u00e3o<\/strong>.<\/p>\n\n\n\n<p>Nesse contexto, os <strong>eventos corporativos<\/strong> ganham um novo protagonismo: deixam de ser apenas ferramentas operacionais e passam a ser <strong>pilares da estrat\u00e9gia de marca empregadora<\/strong>, com impacto direto na atra\u00e7\u00e3o, reten\u00e7\u00e3o e engajamento de colaboradores.<\/p>\n\n\n\n<p>E \u00e9 aqui que entra o valor de contar com uma <strong>ag\u00eancia de eventos corporativos<\/strong> como a <strong>Nexacorp<\/strong>, que entende a ess\u00eancia da empresa e transforma esses encontros em <strong>experi\u00eancias com significado, prop\u00f3sito e conex\u00e3o real com o p\u00fablico interno e externo<\/strong>.<\/p>\n\n\n\n<h2 class=\"wp-block-heading\" id=\"h-o-que-e-employer-branding-e-por-que-ele-importa\"><a><\/a> <strong>O que \u00e9 Employer Branding e por que ele importa?<\/strong><\/h2>\n\n\n\n<p><strong>Employer Branding<\/strong> \u00e9 o conjunto de a\u00e7\u00f5es e percep\u00e7\u00f5es que definem <strong>como a sua empresa \u00e9 vista como lugar para se trabalhar<\/strong>. Uma boa reputa\u00e7\u00e3o como empregadora gera in\u00fameros benef\u00edcios:<\/p>\n\n\n\n<ul class=\"wp-block-list\">\n<li>Atrai profissionais qualificados com mais facilidade.<br><br><\/li>\n\n\n\n<li>Reduz custos com turnover e recrutamento.<br><br><\/li>\n\n\n\n<li>Aumenta o engajamento e a produtividade das equipes.<br><br><\/li>\n\n\n\n<li>Cria uma cultura organizacional forte e percebida.<br><br><br><\/li>\n<\/ul>\n\n\n\n<p>Mas para que essa marca empregadora seja mais do que um discurso, ela precisa ser <strong>vivida e sentida pelos colaboradores<\/strong>, sendo os eventos corporativos s\u00e3o momentos-chave para isso acontecer.<\/p>\n\n\n\n<h2 class=\"wp-block-heading\" id=\"h-o-papel-dos-eventos-corporativos-no-fortalecimento-da-marca-empregadora\"><a><\/a> <strong>O papel dos eventos corporativos no fortalecimento da marca empregadora<\/strong><\/h2>\n\n\n\n<p>Eventos s\u00e3o plataformas poderosas de comunica\u00e7\u00e3o interna. S\u00e3o ocasi\u00f5es em que a empresa se apresenta como um todo: seus l\u00edderes, sua cultura, sua forma de valorizar pessoas.<\/p>\n\n\n\n<p>Se bem planejados, eles deixam de ser apenas momentos e passam a ser <strong>experi\u00eancias estrat\u00e9gicas<\/strong>, que moldam percep\u00e7\u00f5es e inspiram comportamento. Veja como:<\/p>\n\n\n\n<h3 class=\"wp-block-heading\" id=\"h-1-reforcam-a-cultura-e-os-valores-na-pratica\"><a><\/a> <strong>1. Refor\u00e7am a cultura e os valores na pr\u00e1tica<\/strong><\/h3>\n\n\n\n<p>Ao ambientar um evento com os pilares culturais da empresa, desde a escolha do tema, o tom da comunica\u00e7\u00e3o, at\u00e9 as din\u00e2micas propostas, os colaboradores vivenciam <strong>na pr\u00e1tica aquilo que est\u00e1 no papel<\/strong>.<\/p>\n\n\n\n<h3 class=\"wp-block-heading\" id=\"h-2-promovem-reconhecimento-e-pertencimento\"><a><\/a> <strong>2. Promovem reconhecimento e pertencimento<\/strong><\/h3>\n\n\n\n<p>Eventos como premia\u00e7\u00f5es internas, confraterniza\u00e7\u00f5es, feiras de inova\u00e7\u00e3o e kick-offs mostram aos colaboradores que <strong>eles s\u00e3o vistos, valorizados e essenciais para o sucesso da organiza\u00e7\u00e3o<\/strong>.<\/p>\n\n\n\n<h3 class=\"wp-block-heading\" id=\"h-3-humanizam-a-lideranca\"><a><\/a> <strong>3. Humanizam a lideran\u00e7a<\/strong><\/h3>\n\n\n\n<p>Em ambientes menos formais, os l\u00edderes t\u00eam espa\u00e7o para se conectar com suas equipes de maneira mais pr\u00f3xima, transparente e inspiradora, <strong>refor\u00e7ando confian\u00e7a e motiva\u00e7\u00e3o<\/strong>.<\/p>\n\n\n\n<h3 class=\"wp-block-heading\" id=\"h-4-geram-conteudo-de-valor-para-o-mercado\"><a><\/a> <strong>4. Geram conte\u00fado de valor para o mercado<\/strong><\/h3>\n\n\n\n<p>Um evento bem estruturado pode se transformar em <strong>material para redes sociais, campanhas de recrutamento e a\u00e7\u00f5es de employer branding externas<\/strong>, mostrando ao mercado como \u00e9 trabalhar naquela empresa.<\/p>\n\n\n\n<h2 class=\"wp-block-heading\" id=\"h-exemplos-de-eventos-que-impulsionam-o-employer-branding\"><a><\/a> <strong>Exemplos de eventos que impulsionam o Employer Branding<\/strong><\/h2>\n\n\n\n<p>A <strong>Nexacorp<\/strong>, como <strong>ag\u00eancia de eventos corporativos<\/strong> com mais de 30 anos de experi\u00eancia, tem expertise em criar formatos que v\u00e3o al\u00e9m do convencional. Veja alguns exemplos que combinam comunica\u00e7\u00e3o, experi\u00eancia e valoriza\u00e7\u00e3o de marca empregadora:<\/p>\n\n\n\n<h3 class=\"wp-block-heading\" id=\"h-convencoes-de-vendas-com-foco-em-proposito\"><a><\/a> \ud83c\udfc6 <strong>Conven\u00e7\u00f5es de vendas com foco em prop\u00f3sito<\/strong><\/h3>\n\n\n\n<p>Mais do que metas, uma conven\u00e7\u00e3o bem planejada comunica <strong>o porqu\u00ea do trabalho<\/strong>, inspira orgulho e energiza a equipe. Ambienta\u00e7\u00e3o envolvente, conte\u00fado personalizado e gamifica\u00e7\u00e3o tornam tudo mais memor\u00e1vel.<\/p>\n\n\n\n<h3 class=\"wp-block-heading\" id=\"h-workshops-e-treinamentos-com-identidade\"><a><\/a> \ud83d\udca1 <strong>Workshops e treinamentos com identidade<\/strong><\/h3>\n\n\n\n<p>Quando um treinamento \u00e9 desenhado com <strong>curadoria de conte\u00fado, cenografia alinhada \u00e0 cultura e tecnologia interativa<\/strong>, ele se transforma em um momento transformador e n\u00e3o em mais uma obriga\u00e7\u00e3o do RH.<\/p>\n\n\n\n<h3 class=\"wp-block-heading\" id=\"h-eventos-de-integracao-e-boas-vindas\"><a><\/a> \ud83c\udfa4 <strong>Eventos de integra\u00e7\u00e3o e boas-vindas<\/strong><\/h3>\n\n\n\n<p>Onboarding \u00e9 a primeira grande oportunidade de marcar presen\u00e7a como marca empregadora. Um evento de integra\u00e7\u00e3o criativo, acolhedor e bem produzido <strong>deixa uma impress\u00e3o duradoura no novo colaborador<\/strong>.<\/p>\n\n\n\n<h3 class=\"wp-block-heading\" id=\"h-confraternizacoes-com-proposito\"><a><\/a> \ud83e\udd42 <strong>Confraterniza\u00e7\u00f5es com prop\u00f3sito<\/strong><\/h3>\n\n\n\n<p>Festas de fim de ano, happy hours tem\u00e1ticos e celebra\u00e7\u00f5es de marcos da empresa devem ser planejadas para <strong>refor\u00e7ar o senso de comunidade, pertencimento e gratid\u00e3o<\/strong>.<\/p>\n\n\n\n<h3 class=\"wp-block-heading\" id=\"h-lancamentos-internos-de-campanhas-ou-produtos\"><a><\/a> \ud83c\udfaf <strong>Lan\u00e7amentos internos de campanhas ou produtos<\/strong><\/h3>\n\n\n\n<p>Engajar os colaboradores <strong>antes mesmo do p\u00fablico externo<\/strong> \u00e9 uma forma poderosa de torn\u00e1-los embaixadores da marca. Um evento interno exclusivo, com produ\u00e7\u00e3o de alto n\u00edvel, gera orgulho e engajamento.<\/p>\n\n\n\n<h2 class=\"wp-block-heading\" id=\"h-por-que-contratar-uma-agencia-de-eventos-corporativos-para-acoes-de-employer-branding\"><a><\/a> <strong>Por que contratar uma ag\u00eancia de eventos corporativos para a\u00e7\u00f5es de Employer Branding?<\/strong><\/h2>\n\n\n\n<p>Criar experi\u00eancias com esse n\u00edvel de impacto exige mais do que boa vontade, exige <strong>planejamento estrat\u00e9gico, conhecimento t\u00e9cnico e sensibilidade humana<\/strong>. E \u00e9 exatamente isso que uma <strong>ag\u00eancia de eventos corporativos<\/strong> como a <strong>Nexacorp<\/strong> oferece.<\/p>\n\n\n\n<p>Confira os diferenciais de uma produ\u00e7\u00e3o especializada:<\/p>\n\n\n\n<h3 class=\"wp-block-heading\" id=\"h-traducao-fiel-da-identidade-da-empresa\"><a><\/a> \u2714\ufe0f <strong>Tradu\u00e7\u00e3o fiel da identidade da empresa<\/strong><\/h3>\n\n\n\n<p>A Nexacorp entende que cada cliente tem seu tom, seus valores e sua cultura e sabe <strong>como transformar isso em cenografia, comunica\u00e7\u00e3o visual, roteiro e ambienta\u00e7\u00e3o<\/strong>.<\/p>\n\n\n\n<h3 class=\"wp-block-heading\" id=\"h-curadoria-de-conteudo-e-storytelling\"><a><\/a> \u2714\ufe0f <strong>Curadoria de conte\u00fado e storytelling<\/strong><\/h3>\n\n\n\n<p>Eventos marcantes contam uma hist\u00f3ria, com in\u00edcio, meio e fim. A Nexacorp desenvolve <strong>roteiros inteligentes<\/strong>, alinhados ao prop\u00f3sito da empresa, com <strong>palestrantes, din\u00e2micas e formatos<\/strong> que refor\u00e7am a mensagem.<\/p>\n\n\n\n<h3 class=\"wp-block-heading\" id=\"h-execucao-impecavel-e-atencao-aos-detalhes\"><a><\/a> \u2714\ufe0f <strong>Execu\u00e7\u00e3o impec\u00e1vel e aten\u00e7\u00e3o aos detalhes<\/strong><\/h3>\n\n\n\n<p>Da log\u00edstica ao audiovisual, tudo influencia na percep\u00e7\u00e3o de qualidade. Com d\u00e9cadas de experi\u00eancia, a Nexacorp <strong>evita falhas, improvisos e retrabalhos<\/strong>, entregando excel\u00eancia em cada etapa.<\/p>\n\n\n\n<h3 class=\"wp-block-heading\" id=\"h-inovacao-com-proposito\"><a><\/a> \u2714\ufe0f <strong>Inova\u00e7\u00e3o com prop\u00f3sito<\/strong><\/h3>\n\n\n\n<p>A Nexacorp est\u00e1 sempre atualizada com novas plataformas, tecnologias e formatos, seja em <strong>eventos digitais, h\u00edbridos ou presenciais<\/strong>, mas sempre com foco na experi\u00eancia do participante.<\/p>\n\n\n\n<h3 class=\"wp-block-heading\" id=\"h-sustentabilidade-como-valor-agregado\"><a><\/a> \u2714\ufe0f <strong>Sustentabilidade como valor agregado<\/strong><\/h3>\n\n\n\n<p>A\u00e7\u00f5es conscientes fazem parte da imagem da marca empregadora. Por isso, a Nexacorp adota <strong>pr\u00e1ticas sustent\u00e1veis<\/strong>, como cenografia reutiliz\u00e1vel, fornecedores respons\u00e1veis e comunica\u00e7\u00e3o acess\u00edvel.<\/p>\n\n\n\n<h2 class=\"wp-block-heading\" id=\"h-o-impacto-direto-no-engajamento-e-na-reputacao-da-empresa\"><a><\/a> <strong>O impacto direto no engajamento e na reputa\u00e7\u00e3o da empresa<\/strong><\/h2>\n\n\n\n<p>Quando eventos s\u00e3o pensados com estrat\u00e9gia, <strong>o resultado vai al\u00e9m do momento vivido<\/strong>. Eles se tornam:<\/p>\n\n\n\n<ul class=\"wp-block-list\">\n<li><strong>Hist\u00f3rias que circulam<\/strong> internamente e externamente.<br><br><\/li>\n\n\n\n<li><strong>Conte\u00fados compartilh\u00e1veis<\/strong> que fortalecem a marca no LinkedIn e nas redes.<br><br><\/li>\n\n\n\n<li><strong>Mem\u00f3rias positivas<\/strong> que aumentam o engajamento emocional.<br><br><\/li>\n\n\n\n<li><strong>Provas sociais<\/strong> do cuidado da empresa com sua equipe.<br><br><br><\/li>\n<\/ul>\n\n\n\n<p>Esse impacto \u00e9 percebido n\u00e3o s\u00f3 pelos colaboradores, mas tamb\u00e9m por <strong>futuros talentos, parceiros de neg\u00f3cio e pelo mercado em geral<\/strong>.<\/p>\n\n\n\n<h2 class=\"wp-block-heading\" id=\"h-eventos-como-parte-de-uma-jornada-de-experiencia-do-colaborador\"><a><\/a> <strong>Eventos como parte de uma jornada de experi\u00eancia do colaborador<\/strong><\/h2>\n\n\n\n<p>O Employer Branding n\u00e3o se resume a um evento pontual. Ele deve estar presente <strong>ao longo da jornada do colaborador<\/strong> e os eventos s\u00e3o touchpoints estrat\u00e9gicos nessa caminhada:<\/p>\n\n\n\n<ol class=\"wp-block-list\">\n<li><strong>Pr\u00e9-onboarding<\/strong>: eventos virtuais de boas-vindas e kits personalizados.<br><br><\/li>\n\n\n\n<li><strong>Integra\u00e7\u00e3o<\/strong>: din\u00e2micas interativas, talks inspiradores e tours virtuais.<br><br><\/li>\n\n\n\n<li><strong>Crescimento<\/strong>: treinamentos com imers\u00e3o e storytelling de carreira.<br><br><\/li>\n\n\n\n<li><strong>Reconhecimento<\/strong>: premia\u00e7\u00f5es e eventos exclusivos para talentos.<br><br><\/li>\n\n\n\n<li><strong>Desligamento humanizado<\/strong>: cerim\u00f4nias de despedida que valorizam a trajet\u00f3ria.<br><br><br><\/li>\n<\/ol>\n\n\n\n<p>A <strong>ag\u00eancia de eventos corporativos<\/strong> ideal \u00e9 aquela que <strong>compreende a jornada e prop\u00f5e solu\u00e7\u00f5es personalizadas para cada fase<\/strong>, como faz a Nexacorp.<\/p>\n\n\n\n<h2 class=\"wp-block-heading\" id=\"h-a-nexacorp-construindo-employer-branding-com-experiencia-e-inovacao\"><a><\/a> <strong>A Nexacorp: construindo Employer Branding com experi\u00eancia e inova\u00e7\u00e3o<\/strong><\/h2>\n\n\n\n<p>Com mais de tr\u00eas d\u00e9cadas no mercado, a <strong>Nexacorp<\/strong> j\u00e1 participou da constru\u00e7\u00e3o de centenas de hist\u00f3rias corporativas, transformando eventos em experi\u00eancias com impacto duradouro.<\/p>\n\n\n\n<p><strong>O que oferecemos como ag\u00eancia de eventos corporativos:<\/strong><\/p>\n\n\n\n<ul class=\"wp-block-list\">\n<li><strong>Planejamento estrat\u00e9gico<\/strong> de eventos alinhados ao posicionamento da marca.<br><br><\/li>\n\n\n\n<li>Produ\u00e7\u00e3o de <strong>feiras, conven\u00e7\u00f5es, treinamentos, lan\u00e7amentos e eventos h\u00edbridos<\/strong>.<br><br><\/li>\n\n\n\n<li><strong>Cenografia e identidade visual<\/strong> que comunicam a cultura da empresa.<br><br><\/li>\n\n\n\n<li><strong>Suporte tecnol\u00f3gico e inova\u00e7\u00e3o cont\u00ednua<\/strong> para eventos modernos e engajadores.<br><br><\/li>\n\n\n\n<li>Compromisso com <strong>pr\u00e1ticas sustent\u00e1veis e inclusivas<\/strong>, que refor\u00e7am os valores institucionais.<br><br><br><\/li>\n<\/ul>\n\n\n\n<p>Se a sua empresa deseja se posicionar como <strong>um lugar onde vale a pena trabalhar<\/strong>, os eventos corporativos s\u00e3o uma das ferramentas mais eficazes e a Nexacorp \u00e9 a parceira ideal para tornar isso realidade.<\/p>\n","protected":false},"excerpt":{"rendered":"<p>Em um cen\u00e1rio de alta competitividade por talentos e mudan\u00e7as nas rela\u00e7\u00f5es de trabalho, construir uma marca empregadora forte (o chamado Employer Branding) tornou-se prioridade&hellip;<\/p>\n","protected":false},"author":2,"featured_media":523,"comment_status":"open","ping_status":"open","sticky":false,"template":"","format":"standard","meta":{"footnotes":""},"categories":[29],"tags":[43,42,32,40,59,44,36,30,52,50,58,48,49],"class_list":["post-522","post","type-post","status-publish","format-standard","has-post-thumbnail","hentry","category-eventos-corporativos","tag-agencia-de-eventos-corporativos","tag-agencia-eventos","tag-evento","tag-evento-corporativo","tag-evento-hibrido","tag-eventos","tag-eventos-corporativo","tag-eventos-corporativos","tag-eventos-corporativos-multinacionais","tag-eventos-de-grande-porte","tag-eventos-hibridos","tag-eventos-virtuais","tag-eventos-virtual",""],"yoast_head":"<!-- This site is optimized with the Yoast SEO Premium plugin v25.9 (Yoast SEO v27.5) - https:\/\/yoast.com\/product\/yoast-seo-premium-wordpress\/ -->\n<title>Eventos Corporativos como Estrat\u00e9gia de Employer Branding - Nexacorp<\/title>\n<meta name=\"description\" content=\"Nesse contexto, os eventos corporativos ganham um novo protagonismo: deixam de ser apenas ferramentas operacionais e passam a ser pilares...\" \/>\n<meta name=\"robots\" content=\"index, follow, max-snippet:-1, max-image-preview:large, max-video-preview:-1\" \/>\n<link rel=\"canonical\" href=\"https:\/\/www.nexacorp.com.br\/blog\/eventos-corporativos-como-estrategia-de-employer-branding\/\" \/>\n<meta property=\"og:locale\" content=\"pt_BR\" \/>\n<meta property=\"og:type\" content=\"article\" \/>\n<meta property=\"og:title\" content=\"Eventos Corporativos como Estrat\u00e9gia de Employer Branding\" \/>\n<meta property=\"og:description\" content=\"Nesse contexto, os eventos corporativos ganham um novo protagonismo: deixam de ser apenas ferramentas operacionais e passam a ser pilares...\" \/>\n<meta property=\"og:url\" content=\"https:\/\/www.nexacorp.com.br\/blog\/eventos-corporativos-como-estrategia-de-employer-branding\/\" \/>\n<meta property=\"og:site_name\" content=\"Nexacorp\" \/>\n<meta property=\"article:publisher\" content=\"https:\/\/www.facebook.com\/clinicanatur\" \/>\n<meta property=\"article:published_time\" content=\"2025-11-19T10:34:47+00:00\" \/>\n<meta property=\"article:modified_time\" content=\"2025-11-28T10:36:25+00:00\" \/>\n<meta property=\"og:image\" content=\"https:\/\/www.nexacorp.com.br\/blog\/wp-content\/uploads\/2025\/11\/eventos-corporativos-1.jpg\" \/>\n\t<meta property=\"og:image:width\" content=\"740\" \/>\n\t<meta property=\"og:image:height\" content=\"493\" \/>\n\t<meta property=\"og:image:type\" content=\"image\/jpeg\" \/>\n<meta name=\"author\" content=\"Admin\" \/>\n<meta name=\"twitter:card\" content=\"summary_large_image\" \/>\n<meta name=\"twitter:label1\" content=\"Escrito por\" \/>\n\t<meta name=\"twitter:data1\" content=\"Admin\" \/>\n\t<meta name=\"twitter:label2\" content=\"Est. tempo de leitura\" \/>\n\t<meta name=\"twitter:data2\" content=\"7 minutos\" \/>\n<script type=\"application\/ld+json\" class=\"yoast-schema-graph\">{\"@context\":\"https:\\\/\\\/schema.org\",\"@graph\":[{\"@type\":\"Article\",\"@id\":\"https:\\\/\\\/www.nexacorp.com.br\\\/blog\\\/eventos-corporativos-como-estrategia-de-employer-branding\\\/#article\",\"isPartOf\":{\"@id\":\"https:\\\/\\\/www.nexacorp.com.br\\\/blog\\\/eventos-corporativos-como-estrategia-de-employer-branding\\\/\"},\"author\":{\"name\":\"Admin\",\"@id\":\"https:\\\/\\\/www.nexacorp.com.br\\\/blog\\\/#\\\/schema\\\/person\\\/fc4c45f297f0b2b6d331821e5c42aee1\"},\"headline\":\"Eventos Corporativos como Estrat\u00e9gia de Employer Branding\",\"datePublished\":\"2025-11-19T10:34:47+00:00\",\"dateModified\":\"2025-11-28T10:36:25+00:00\",\"mainEntityOfPage\":{\"@id\":\"https:\\\/\\\/www.nexacorp.com.br\\\/blog\\\/eventos-corporativos-como-estrategia-de-employer-branding\\\/\"},\"wordCount\":1313,\"commentCount\":0,\"publisher\":{\"@id\":\"https:\\\/\\\/www.nexacorp.com.br\\\/blog\\\/#organization\"},\"image\":{\"@id\":\"https:\\\/\\\/www.nexacorp.com.br\\\/blog\\\/eventos-corporativos-como-estrategia-de-employer-branding\\\/#primaryimage\"},\"thumbnailUrl\":\"https:\\\/\\\/www.nexacorp.com.br\\\/blog\\\/wp-content\\\/uploads\\\/2025\\\/11\\\/eventos-corporativos-1.jpg\",\"keywords\":[\"Ag\u00eancia de Eventos Corporativos\",\"Ag\u00eancia Eventos\",\"Evento\",\"Evento Corporativo\",\"Evento H\u00edbrido\",\"Eventos\",\"Eventos Corporativo\",\"eventos corporativos\",\"Eventos Corporativos Multinacionais\",\"Eventos de Grande Porte\",\"Eventos H\u00edbridos\",\"Eventos Virtuais\",\"Eventos Virtual\"],\"articleSection\":[\"Eventos Corporativos\"],\"inLanguage\":\"pt-BR\",\"potentialAction\":[{\"@type\":\"CommentAction\",\"name\":\"Comment\",\"target\":[\"https:\\\/\\\/www.nexacorp.com.br\\\/blog\\\/eventos-corporativos-como-estrategia-de-employer-branding\\\/#respond\"]}]},{\"@type\":\"WebPage\",\"@id\":\"https:\\\/\\\/www.nexacorp.com.br\\\/blog\\\/eventos-corporativos-como-estrategia-de-employer-branding\\\/\",\"url\":\"https:\\\/\\\/www.nexacorp.com.br\\\/blog\\\/eventos-corporativos-como-estrategia-de-employer-branding\\\/\",\"name\":\"Eventos Corporativos como Estrat\u00e9gia de Employer Branding - Nexacorp\",\"isPartOf\":{\"@id\":\"https:\\\/\\\/www.nexacorp.com.br\\\/blog\\\/#website\"},\"primaryImageOfPage\":{\"@id\":\"https:\\\/\\\/www.nexacorp.com.br\\\/blog\\\/eventos-corporativos-como-estrategia-de-employer-branding\\\/#primaryimage\"},\"image\":{\"@id\":\"https:\\\/\\\/www.nexacorp.com.br\\\/blog\\\/eventos-corporativos-como-estrategia-de-employer-branding\\\/#primaryimage\"},\"thumbnailUrl\":\"https:\\\/\\\/www.nexacorp.com.br\\\/blog\\\/wp-content\\\/uploads\\\/2025\\\/11\\\/eventos-corporativos-1.jpg\",\"datePublished\":\"2025-11-19T10:34:47+00:00\",\"dateModified\":\"2025-11-28T10:36:25+00:00\",\"description\":\"Nesse contexto, os eventos corporativos ganham um novo protagonismo: deixam de ser apenas ferramentas operacionais e passam a ser pilares...\",\"breadcrumb\":{\"@id\":\"https:\\\/\\\/www.nexacorp.com.br\\\/blog\\\/eventos-corporativos-como-estrategia-de-employer-branding\\\/#breadcrumb\"},\"inLanguage\":\"pt-BR\",\"potentialAction\":[{\"@type\":\"ReadAction\",\"target\":[\"https:\\\/\\\/www.nexacorp.com.br\\\/blog\\\/eventos-corporativos-como-estrategia-de-employer-branding\\\/\"]}]},{\"@type\":\"ImageObject\",\"inLanguage\":\"pt-BR\",\"@id\":\"https:\\\/\\\/www.nexacorp.com.br\\\/blog\\\/eventos-corporativos-como-estrategia-de-employer-branding\\\/#primaryimage\",\"url\":\"https:\\\/\\\/www.nexacorp.com.br\\\/blog\\\/wp-content\\\/uploads\\\/2025\\\/11\\\/eventos-corporativos-1.jpg\",\"contentUrl\":\"https:\\\/\\\/www.nexacorp.com.br\\\/blog\\\/wp-content\\\/uploads\\\/2025\\\/11\\\/eventos-corporativos-1.jpg\",\"width\":740,\"height\":493,\"caption\":\"Eventos Corporativos\"},{\"@type\":\"BreadcrumbList\",\"@id\":\"https:\\\/\\\/www.nexacorp.com.br\\\/blog\\\/eventos-corporativos-como-estrategia-de-employer-branding\\\/#breadcrumb\",\"itemListElement\":[{\"@type\":\"ListItem\",\"position\":1,\"name\":\"In\u00edcio\",\"item\":\"https:\\\/\\\/www.nexacorp.com.br\\\/blog\\\/\"},{\"@type\":\"ListItem\",\"position\":2,\"name\":\"Eventos Corporativos como Estrat\u00e9gia de Employer Branding\"}]},{\"@type\":\"WebSite\",\"@id\":\"https:\\\/\\\/www.nexacorp.com.br\\\/blog\\\/#website\",\"url\":\"https:\\\/\\\/www.nexacorp.com.br\\\/blog\\\/\",\"name\":\"Cl\u00ednica Natural Health\",\"description\":\"Na NexaCorp, a excel\u00eancia e a inova\u00e7\u00e3o se encontram para criar eventos corporativos que s\u00e3o verdadeiramente inesquec\u00edveis.\",\"publisher\":{\"@id\":\"https:\\\/\\\/www.nexacorp.com.br\\\/blog\\\/#organization\"},\"potentialAction\":[{\"@type\":\"SearchAction\",\"target\":{\"@type\":\"EntryPoint\",\"urlTemplate\":\"https:\\\/\\\/www.nexacorp.com.br\\\/blog\\\/?s={search_term_string}\"},\"query-input\":{\"@type\":\"PropertyValueSpecification\",\"valueRequired\":true,\"valueName\":\"search_term_string\"}}],\"inLanguage\":\"pt-BR\"},{\"@type\":[\"Organization\",\"Place\"],\"@id\":\"https:\\\/\\\/www.nexacorp.com.br\\\/blog\\\/#organization\",\"name\":\"Natural Health\",\"alternateName\":\"Natural Health\",\"url\":\"https:\\\/\\\/www.nexacorp.com.br\\\/blog\\\/\",\"logo\":{\"@id\":\"https:\\\/\\\/www.nexacorp.com.br\\\/blog\\\/eventos-corporativos-como-estrategia-de-employer-branding\\\/#local-main-organization-logo\"},\"image\":{\"@id\":\"https:\\\/\\\/www.nexacorp.com.br\\\/blog\\\/eventos-corporativos-como-estrategia-de-employer-branding\\\/#local-main-organization-logo\"},\"sameAs\":[\"https:\\\/\\\/www.facebook.com\\\/clinicanatur\"],\"description\":\"Somos uma cl\u00ednica especializada em terapias hol\u00edsticas e ortomoleculares. Nosso foco \u00e9 tratar a causa dos problemas de sa\u00fade e n\u00e3o apenas os sintomas, acolhendo cada pessoa de forma \u00fanica.\",\"telephone\":[],\"openingHoursSpecification\":[{\"@type\":\"OpeningHoursSpecification\",\"dayOfWeek\":[\"Sunday\",\"Monday\",\"Tuesday\",\"Wednesday\",\"Thursday\",\"Friday\",\"Saturday\"],\"opens\":\"09:00\",\"closes\":\"17:00\"}]},{\"@type\":\"Person\",\"@id\":\"https:\\\/\\\/www.nexacorp.com.br\\\/blog\\\/#\\\/schema\\\/person\\\/fc4c45f297f0b2b6d331821e5c42aee1\",\"name\":\"Admin\",\"image\":{\"@type\":\"ImageObject\",\"inLanguage\":\"pt-BR\",\"@id\":\"https:\\\/\\\/secure.gravatar.com\\\/avatar\\\/ae92580851fb03298934a1b9611b38c6dbe9c76ce20ff6d3222955b1fd38e5da?s=96&d=mm&r=g\",\"url\":\"https:\\\/\\\/secure.gravatar.com\\\/avatar\\\/ae92580851fb03298934a1b9611b38c6dbe9c76ce20ff6d3222955b1fd38e5da?s=96&d=mm&r=g\",\"contentUrl\":\"https:\\\/\\\/secure.gravatar.com\\\/avatar\\\/ae92580851fb03298934a1b9611b38c6dbe9c76ce20ff6d3222955b1fd38e5da?s=96&d=mm&r=g\",\"caption\":\"Admin\"},\"url\":\"https:\\\/\\\/www.nexacorp.com.br\\\/blog\\\/author\\\/admin\\\/\"},{\"@type\":\"ImageObject\",\"inLanguage\":\"pt-BR\",\"@id\":\"https:\\\/\\\/www.nexacorp.com.br\\\/blog\\\/eventos-corporativos-como-estrategia-de-employer-branding\\\/#local-main-organization-logo\",\"url\":\"https:\\\/\\\/www.nexacorp.com.br\\\/blog\\\/wp-content\\\/uploads\\\/2025\\\/09\\\/logo.webp\",\"contentUrl\":\"https:\\\/\\\/www.nexacorp.com.br\\\/blog\\\/wp-content\\\/uploads\\\/2025\\\/09\\\/logo.webp\",\"width\":105,\"height\":61,\"caption\":\"Natural Health\"}]}<\/script>\n<!-- \/ Yoast SEO Premium plugin. -->","yoast_head_json":{"title":"Eventos Corporativos como Estrat\u00e9gia de Employer Branding - Nexacorp","description":"Nesse contexto, os eventos corporativos ganham um novo protagonismo: deixam de ser apenas ferramentas operacionais e passam a ser pilares...","robots":{"index":"index","follow":"follow","max-snippet":"max-snippet:-1","max-image-preview":"max-image-preview:large","max-video-preview":"max-video-preview:-1"},"canonical":"https:\/\/www.nexacorp.com.br\/blog\/eventos-corporativos-como-estrategia-de-employer-branding\/","og_locale":"pt_BR","og_type":"article","og_title":"Eventos Corporativos como Estrat\u00e9gia de Employer Branding","og_description":"Nesse contexto, os eventos corporativos ganham um novo protagonismo: deixam de ser apenas ferramentas operacionais e passam a ser pilares...","og_url":"https:\/\/www.nexacorp.com.br\/blog\/eventos-corporativos-como-estrategia-de-employer-branding\/","og_site_name":"Nexacorp","article_publisher":"https:\/\/www.facebook.com\/clinicanatur","article_published_time":"2025-11-19T10:34:47+00:00","article_modified_time":"2025-11-28T10:36:25+00:00","og_image":[{"width":740,"height":493,"url":"https:\/\/www.nexacorp.com.br\/blog\/wp-content\/uploads\/2025\/11\/eventos-corporativos-1.jpg","type":"image\/jpeg"}],"author":"Admin","twitter_card":"summary_large_image","twitter_misc":{"Escrito por":"Admin","Est. tempo de leitura":"7 minutos"},"schema":{"@context":"https:\/\/schema.org","@graph":[{"@type":"Article","@id":"https:\/\/www.nexacorp.com.br\/blog\/eventos-corporativos-como-estrategia-de-employer-branding\/#article","isPartOf":{"@id":"https:\/\/www.nexacorp.com.br\/blog\/eventos-corporativos-como-estrategia-de-employer-branding\/"},"author":{"name":"Admin","@id":"https:\/\/www.nexacorp.com.br\/blog\/#\/schema\/person\/fc4c45f297f0b2b6d331821e5c42aee1"},"headline":"Eventos Corporativos como Estrat\u00e9gia de Employer Branding","datePublished":"2025-11-19T10:34:47+00:00","dateModified":"2025-11-28T10:36:25+00:00","mainEntityOfPage":{"@id":"https:\/\/www.nexacorp.com.br\/blog\/eventos-corporativos-como-estrategia-de-employer-branding\/"},"wordCount":1313,"commentCount":0,"publisher":{"@id":"https:\/\/www.nexacorp.com.br\/blog\/#organization"},"image":{"@id":"https:\/\/www.nexacorp.com.br\/blog\/eventos-corporativos-como-estrategia-de-employer-branding\/#primaryimage"},"thumbnailUrl":"https:\/\/www.nexacorp.com.br\/blog\/wp-content\/uploads\/2025\/11\/eventos-corporativos-1.jpg","keywords":["Ag\u00eancia de Eventos Corporativos","Ag\u00eancia Eventos","Evento","Evento Corporativo","Evento H\u00edbrido","Eventos","Eventos Corporativo","eventos corporativos","Eventos Corporativos Multinacionais","Eventos de Grande Porte","Eventos H\u00edbridos","Eventos Virtuais","Eventos Virtual"],"articleSection":["Eventos Corporativos"],"inLanguage":"pt-BR","potentialAction":[{"@type":"CommentAction","name":"Comment","target":["https:\/\/www.nexacorp.com.br\/blog\/eventos-corporativos-como-estrategia-de-employer-branding\/#respond"]}]},{"@type":"WebPage","@id":"https:\/\/www.nexacorp.com.br\/blog\/eventos-corporativos-como-estrategia-de-employer-branding\/","url":"https:\/\/www.nexacorp.com.br\/blog\/eventos-corporativos-como-estrategia-de-employer-branding\/","name":"Eventos Corporativos como Estrat\u00e9gia de Employer Branding - Nexacorp","isPartOf":{"@id":"https:\/\/www.nexacorp.com.br\/blog\/#website"},"primaryImageOfPage":{"@id":"https:\/\/www.nexacorp.com.br\/blog\/eventos-corporativos-como-estrategia-de-employer-branding\/#primaryimage"},"image":{"@id":"https:\/\/www.nexacorp.com.br\/blog\/eventos-corporativos-como-estrategia-de-employer-branding\/#primaryimage"},"thumbnailUrl":"https:\/\/www.nexacorp.com.br\/blog\/wp-content\/uploads\/2025\/11\/eventos-corporativos-1.jpg","datePublished":"2025-11-19T10:34:47+00:00","dateModified":"2025-11-28T10:36:25+00:00","description":"Nesse contexto, os eventos corporativos ganham um novo protagonismo: deixam de ser apenas ferramentas operacionais e passam a ser pilares...","breadcrumb":{"@id":"https:\/\/www.nexacorp.com.br\/blog\/eventos-corporativos-como-estrategia-de-employer-branding\/#breadcrumb"},"inLanguage":"pt-BR","potentialAction":[{"@type":"ReadAction","target":["https:\/\/www.nexacorp.com.br\/blog\/eventos-corporativos-como-estrategia-de-employer-branding\/"]}]},{"@type":"ImageObject","inLanguage":"pt-BR","@id":"https:\/\/www.nexacorp.com.br\/blog\/eventos-corporativos-como-estrategia-de-employer-branding\/#primaryimage","url":"https:\/\/www.nexacorp.com.br\/blog\/wp-content\/uploads\/2025\/11\/eventos-corporativos-1.jpg","contentUrl":"https:\/\/www.nexacorp.com.br\/blog\/wp-content\/uploads\/2025\/11\/eventos-corporativos-1.jpg","width":740,"height":493,"caption":"Eventos Corporativos"},{"@type":"BreadcrumbList","@id":"https:\/\/www.nexacorp.com.br\/blog\/eventos-corporativos-como-estrategia-de-employer-branding\/#breadcrumb","itemListElement":[{"@type":"ListItem","position":1,"name":"In\u00edcio","item":"https:\/\/www.nexacorp.com.br\/blog\/"},{"@type":"ListItem","position":2,"name":"Eventos Corporativos como Estrat\u00e9gia de Employer Branding"}]},{"@type":"WebSite","@id":"https:\/\/www.nexacorp.com.br\/blog\/#website","url":"https:\/\/www.nexacorp.com.br\/blog\/","name":"Cl\u00ednica Natural Health","description":"Na NexaCorp, a excel\u00eancia e a inova\u00e7\u00e3o se encontram para criar eventos corporativos que s\u00e3o verdadeiramente inesquec\u00edveis.","publisher":{"@id":"https:\/\/www.nexacorp.com.br\/blog\/#organization"},"potentialAction":[{"@type":"SearchAction","target":{"@type":"EntryPoint","urlTemplate":"https:\/\/www.nexacorp.com.br\/blog\/?s={search_term_string}"},"query-input":{"@type":"PropertyValueSpecification","valueRequired":true,"valueName":"search_term_string"}}],"inLanguage":"pt-BR"},{"@type":["Organization","Place"],"@id":"https:\/\/www.nexacorp.com.br\/blog\/#organization","name":"Natural Health","alternateName":"Natural Health","url":"https:\/\/www.nexacorp.com.br\/blog\/","logo":{"@id":"https:\/\/www.nexacorp.com.br\/blog\/eventos-corporativos-como-estrategia-de-employer-branding\/#local-main-organization-logo"},"image":{"@id":"https:\/\/www.nexacorp.com.br\/blog\/eventos-corporativos-como-estrategia-de-employer-branding\/#local-main-organization-logo"},"sameAs":["https:\/\/www.facebook.com\/clinicanatur"],"description":"Somos uma cl\u00ednica especializada em terapias hol\u00edsticas e ortomoleculares. Nosso foco \u00e9 tratar a causa dos problemas de sa\u00fade e n\u00e3o apenas os sintomas, acolhendo cada pessoa de forma \u00fanica.","telephone":[],"openingHoursSpecification":[{"@type":"OpeningHoursSpecification","dayOfWeek":["Sunday","Monday","Tuesday","Wednesday","Thursday","Friday","Saturday"],"opens":"09:00","closes":"17:00"}]},{"@type":"Person","@id":"https:\/\/www.nexacorp.com.br\/blog\/#\/schema\/person\/fc4c45f297f0b2b6d331821e5c42aee1","name":"Admin","image":{"@type":"ImageObject","inLanguage":"pt-BR","@id":"https:\/\/secure.gravatar.com\/avatar\/ae92580851fb03298934a1b9611b38c6dbe9c76ce20ff6d3222955b1fd38e5da?s=96&d=mm&r=g","url":"https:\/\/secure.gravatar.com\/avatar\/ae92580851fb03298934a1b9611b38c6dbe9c76ce20ff6d3222955b1fd38e5da?s=96&d=mm&r=g","contentUrl":"https:\/\/secure.gravatar.com\/avatar\/ae92580851fb03298934a1b9611b38c6dbe9c76ce20ff6d3222955b1fd38e5da?s=96&d=mm&r=g","caption":"Admin"},"url":"https:\/\/www.nexacorp.com.br\/blog\/author\/admin\/"},{"@type":"ImageObject","inLanguage":"pt-BR","@id":"https:\/\/www.nexacorp.com.br\/blog\/eventos-corporativos-como-estrategia-de-employer-branding\/#local-main-organization-logo","url":"https:\/\/www.nexacorp.com.br\/blog\/wp-content\/uploads\/2025\/09\/logo.webp","contentUrl":"https:\/\/www.nexacorp.com.br\/blog\/wp-content\/uploads\/2025\/09\/logo.webp","width":105,"height":61,"caption":"Natural Health"}]}},"_links":{"self":[{"href":"https:\/\/www.nexacorp.com.br\/blog\/wp-json\/wp\/v2\/posts\/522","targetHints":{"allow":["GET"]}}],"collection":[{"href":"https:\/\/www.nexacorp.com.br\/blog\/wp-json\/wp\/v2\/posts"}],"about":[{"href":"https:\/\/www.nexacorp.com.br\/blog\/wp-json\/wp\/v2\/types\/post"}],"author":[{"embeddable":true,"href":"https:\/\/www.nexacorp.com.br\/blog\/wp-json\/wp\/v2\/users\/2"}],"replies":[{"embeddable":true,"href":"https:\/\/www.nexacorp.com.br\/blog\/wp-json\/wp\/v2\/comments?post=522"}],"version-history":[{"count":1,"href":"https:\/\/www.nexacorp.com.br\/blog\/wp-json\/wp\/v2\/posts\/522\/revisions"}],"predecessor-version":[{"id":524,"href":"https:\/\/www.nexacorp.com.br\/blog\/wp-json\/wp\/v2\/posts\/522\/revisions\/524"}],"wp:featuredmedia":[{"embeddable":true,"href":"https:\/\/www.nexacorp.com.br\/blog\/wp-json\/wp\/v2\/media\/523"}],"wp:attachment":[{"href":"https:\/\/www.nexacorp.com.br\/blog\/wp-json\/wp\/v2\/media?parent=522"}],"wp:term":[{"taxonomy":"category","embeddable":true,"href":"https:\/\/www.nexacorp.com.br\/blog\/wp-json\/wp\/v2\/categories?post=522"},{"taxonomy":"post_tag","embeddable":true,"href":"https:\/\/www.nexacorp.com.br\/blog\/wp-json\/wp\/v2\/tags?post=522"}],"curies":[{"name":"wp","href":"https:\/\/api.w.org\/{rel}","templated":true}]}}