{"id":516,"date":"2025-11-18T07:30:40","date_gmt":"2025-11-18T10:30:40","guid":{"rendered":"https:\/\/www.nexacorp.com.br\/blog\/?p=516"},"modified":"2025-11-28T07:34:34","modified_gmt":"2025-11-28T10:34:34","slug":"tendencias-em-eventos-corporativos-o-que-esperar-para-2026-3","status":"publish","type":"post","link":"https:\/\/www.nexacorp.com.br\/blog\/tendencias-em-eventos-corporativos-o-que-esperar-para-2026-3\/","title":{"rendered":"Tend\u00eancias em Eventos Corporativos: O que Esperar para 2026"},"content":{"rendered":"\n<p>Os <strong>eventos corporativos<\/strong> continuam evoluindo rapidamente, impulsionados por mudan\u00e7as no comportamento do p\u00fablico, inova\u00e7\u00f5es tecnol\u00f3gicas e novas demandas de mercado. Para empresas que desejam se destacar, <strong>acompanhar as tend\u00eancias<\/strong> \u00e9 uma necessidade estrat\u00e9gica.<\/p>\n\n\n\n<p>Neste cen\u00e1rio, o papel de uma <strong>ag\u00eancia de eventos corporativos<\/strong> torna-se ainda mais essencial. Com expertise, vis\u00e3o de futuro e dom\u00ednio das melhores pr\u00e1ticas, essas ag\u00eancias ajudam empresas a transformar encontros profissionais em <strong>experi\u00eancias memor\u00e1veis, alinhadas com prop\u00f3sito e inova\u00e7\u00e3o<\/strong>.<\/p>\n\n\n\n<p>Abaixo, voc\u00ea confere as <strong>principais tend\u00eancias que devem moldar os eventos corporativos at\u00e9 2026<\/strong>, com insights estrat\u00e9gicos para quem planeja feiras, conven\u00e7\u00f5es, treinamentos, lan\u00e7amentos e outros formatos institucionais.<\/p>\n\n\n\n<h2 class=\"wp-block-heading\" id=\"h-a-ascensao-definitiva-dos-eventos-hibridos-e-imersivos\"> A ascens\u00e3o definitiva dos eventos h\u00edbridos e imersivos<\/h2>\n\n\n\n<p>Os <strong>eventos h\u00edbridos<\/strong> n\u00e3o s\u00e3o mais uma alternativa emergencial, pois eles se consolidaram como uma solu\u00e7\u00e3o estrat\u00e9gica. Combinando o alcance do digital com a for\u00e7a do presencial, esse modelo ser\u00e1 dominante at\u00e9 2026, especialmente em conven\u00e7\u00f5es, treinamentos e feiras.<\/p>\n\n\n\n<p><strong>O que esperar:<\/strong><\/p>\n\n\n\n<ul class=\"wp-block-list\">\n<li>Plataformas digitais com recursos cada vez mais interativos (vota\u00e7\u00e3o ao vivo, chats moderados, networking por IA).<br><br><\/li>\n\n\n\n<li>Ambientes imersivos com realidade aumentada (AR) e realidade virtual (VR).<br><br><\/li>\n\n\n\n<li>Transmiss\u00f5es em tempo real com <strong>qualidade de broadcast<\/strong>, c\u00e2meras 360\u00ba e experi\u00eancias personalizadas.<br><br><br><\/li>\n<\/ul>\n\n\n\n<p>Como uma <strong>ag\u00eancia de eventos corporativos<\/strong>, a <strong>Nexacorp<\/strong> est\u00e1 na vanguarda dessa transforma\u00e7\u00e3o, com know-how em formatos h\u00edbridos que <strong>engajam p\u00fablicos diversos e ampliam o alcance da marca<\/strong>.<\/p>\n\n\n\n<h2 class=\"wp-block-heading\" id=\"h-personalizacao-total-da-experiencia-do-participante\"> Personaliza\u00e7\u00e3o total da experi\u00eancia do participante<\/h2>\n\n\n\n<p>Uma das grandes exig\u00eancias do p\u00fablico moderno \u00e9 <strong>ser tratado como \u00fanico<\/strong>. A personaliza\u00e7\u00e3o ser\u00e1 ainda mais profunda at\u00e9 2026, e os eventos corporativos dever\u00e3o oferecer <strong>conte\u00fados, intera\u00e7\u00f5es e ambientes adaptados a diferentes perfis de p\u00fablico<\/strong>.<\/p>\n\n\n\n<p><strong>Como isso se manifesta:<\/strong><\/p>\n\n\n\n<ul class=\"wp-block-list\">\n<li>Aplicativos que personalizam trilhas de conte\u00fado com base nos interesses do participante.<br><br><\/li>\n\n\n\n<li>Segmenta\u00e7\u00e3o inteligente no credenciamento e no envio de materiais.<br><br><\/li>\n\n\n\n<li>Experi\u00eancias diferenciadas para colaboradores, clientes, parceiros e imprensa.<br><br><br><\/li>\n<\/ul>\n\n\n\n<p>Eventos gen\u00e9ricos, com comunica\u00e7\u00e3o padronizada, perdem for\u00e7a e relev\u00e2ncia. Por isso, contar com uma <strong>ag\u00eancia de eventos corporativos<\/strong> como a <strong>Nexacorp<\/strong>, que compreende e traduz o DNA de cada marca, \u00e9 fundamental para criar conex\u00f5es reais.<\/p>\n\n\n\n<h2 class=\"wp-block-heading\" id=\"h-eventos-como-ferramenta-estrategica-de-cultura-e-engajamento\"> Eventos como ferramenta estrat\u00e9gica de cultura e engajamento<\/h2>\n\n\n\n<p>Cada vez mais, os eventos corporativos deixam de ser apenas momentos pontuais. Eles passam a integrar a <strong>estrat\u00e9gia de cultura organizacional, branding interno e desenvolvimento de pessoas<\/strong>.<\/p>\n\n\n\n<p><strong>Tend\u00eancia em alta:<\/strong><\/p>\n\n\n\n<ul class=\"wp-block-list\">\n<li><strong>Workshops e treinamentos imersivos<\/strong> com foco em soft skills, diversidade, ESG e inova\u00e7\u00e3o.<br><br><\/li>\n\n\n\n<li><strong>Eventos internos<\/strong> como rituais de cultura: celebra\u00e7\u00f5es, reconhecimentos e reuni\u00f5es estrat\u00e9gicas com ambienta\u00e7\u00e3o profissional.<br><br><\/li>\n\n\n\n<li><strong>Gamifica\u00e7\u00e3o<\/strong> como mecanismo de engajamento e aprendizado cont\u00ednuo.<br><br><br><\/li>\n<\/ul>\n\n\n\n<p>Neste contexto, os <strong>eventos tornam-se plataformas de transforma\u00e7\u00e3o interna<\/strong>, alinhando colaboradores com a vis\u00e3o e os valores da empresa.<\/p>\n\n\n\n<h2 class=\"wp-block-heading\" id=\"h-sustentabilidade-como-padrao-e-nao-como-diferencial\"> Sustentabilidade como padr\u00e3o e n\u00e3o como diferencial<\/h2>\n\n\n\n<p>At\u00e9 2026, a <strong>sustentabilidade nos eventos corporativos<\/strong> deixar\u00e1 de ser um b\u00f4nus para se tornar <strong>obrigat\u00f3ria<\/strong>. Empresas e participantes exigem pr\u00e1ticas respons\u00e1veis do in\u00edcio ao fim do evento.<\/p>\n\n\n\n<p><strong>O que ganha for\u00e7a:<\/strong><\/p>\n\n\n\n<ul class=\"wp-block-list\">\n<li>Cenografia com materiais reutiliz\u00e1veis e modulares.<br><br><\/li>\n\n\n\n<li>Elimina\u00e7\u00e3o de descart\u00e1veis, com incentivo \u00e0 log\u00edstica reversa.<br><br><\/li>\n\n\n\n<li>Fornecedores certificados ambientalmente e produ\u00e7\u00e3o com baixo impacto.<br><br><\/li>\n\n\n\n<li>Comunica\u00e7\u00e3o inclusiva, acess\u00edvel e consciente.<br><br><br><\/li>\n<\/ul>\n\n\n\n<p>A <strong>Nexacorp<\/strong> j\u00e1 atua com esse compromisso em todos os seus projetos, oferecendo solu\u00e7\u00f5es sustent\u00e1veis que <strong>agregam valor \u00e0 marca e reduzem impactos ambientais<\/strong> sem comprometer a est\u00e9tica e a efici\u00eancia do evento.<\/p>\n\n\n\n<h2 class=\"wp-block-heading\" id=\"h-tecnologia-de-dados-para-decisoes-mais-inteligentes\"> Tecnologia de dados para decis\u00f5es mais inteligentes<\/h2>\n\n\n\n<p>A transforma\u00e7\u00e3o digital nos eventos vai muito al\u00e9m das ferramentas de apresenta\u00e7\u00e3o. Em 2026, a <strong>intelig\u00eancia de dados<\/strong> ser\u00e1 uma aliada indispens\u00e1vel no planejamento, execu\u00e7\u00e3o e an\u00e1lise de resultados.<\/p>\n\n\n\n<p><strong>Aplica\u00e7\u00f5es pr\u00e1ticas:<\/strong><\/p>\n\n\n\n<ul class=\"wp-block-list\">\n<li>An\u00e1lise preditiva para estimar comportamento e prefer\u00eancias dos participantes.<br><br><\/li>\n\n\n\n<li>Dashboards em tempo real com dados de engajamento, feedback e performance.<br><br><\/li>\n\n\n\n<li>Relat\u00f3rios autom\u00e1ticos para avalia\u00e7\u00e3o de ROI, NPS e convers\u00f5es.<br><br><br><\/li>\n<\/ul>\n\n\n\n<p>O uso estrat\u00e9gico de dados permite ajustes r\u00e1pidos durante o evento e <strong>decis\u00f5es mais precisas para futuras edi\u00e7\u00f5es<\/strong>. Por isso, a presen\u00e7a de uma <strong>ag\u00eancia de eventos corporativos<\/strong> com expertise tecnol\u00f3gica, como a Nexacorp, torna-se decisiva.<\/p>\n\n\n\n<h2 class=\"wp-block-heading\" id=\"h-experiencias-sensoriais-e-emocionais-em-alta\"> Experi\u00eancias sensoriais e emocionais em alta<\/h2>\n\n\n\n<p>A l\u00f3gica dos eventos corporativos est\u00e1 migrando do <strong>informativo para o experiencial<\/strong>. Em vez de apenas comunicar, os eventos precisam <strong>provocar sensa\u00e7\u00f5es, estimular sentidos e gerar mem\u00f3rias positivas<\/strong>.<\/p>\n\n\n\n<p>Tend\u00eancias em destaque:<\/p>\n\n\n\n<ul class=\"wp-block-list\">\n<li>Ambienta\u00e7\u00f5es sensoriais com som, aroma e ilumina\u00e7\u00e3o integrados ao conte\u00fado.<br><br><\/li>\n\n\n\n<li>Experi\u00eancias interativas com tecnologia t\u00e1til e proje\u00e7\u00f5es din\u00e2micas.<br><br><\/li>\n\n\n\n<li>Storytelling aplicado \u00e0 cenografia e ao roteiro do evento.<br><br><br><\/li>\n<\/ul>\n\n\n\n<p>Tudo isso refor\u00e7a a mensagem da marca e torna o evento um momento marcante, n\u00e3o s\u00f3 pela informa\u00e7\u00e3o, mas pelo que ele faz o p\u00fablico <strong>sentir<\/strong>.<\/p>\n\n\n\n<h2 class=\"wp-block-heading\" id=\"h-menos-eventos-de-massa-mais-encontros-estrategicos\"> Menos eventos de massa, mais encontros estrat\u00e9gicos<\/h2>\n\n\n\n<p>Com a valoriza\u00e7\u00e3o da personaliza\u00e7\u00e3o e do retorno sobre investimento, empresas est\u00e3o buscando <strong>eventos menores, mais estrat\u00e9gicos e focados em resultados claros<\/strong>.<\/p>\n\n\n\n<p><strong>Exemplos:<\/strong><\/p>\n\n\n\n<ul class=\"wp-block-list\">\n<li>Encontros VIP com clientes estrat\u00e9gicos.<br><br><\/li>\n\n\n\n<li>Rodadas de neg\u00f3cio com curadoria de p\u00fablico.<br><br><\/li>\n\n\n\n<li>Treinamentos em grupos reduzidos, com alto impacto.<br><br><br><\/li>\n<\/ul>\n\n\n\n<p>Esses formatos exigem uma <strong>produ\u00e7\u00e3o sofisticada e foco em detalhes<\/strong>, o que refor\u00e7a a import\u00e2ncia de uma ag\u00eancia com <strong>experi\u00eancia, sensibilidade e vis\u00e3o de neg\u00f3cio<\/strong>, como a <strong>Nexacorp<\/strong>.<\/p>\n\n\n\n<h2 class=\"wp-block-heading\" id=\"h-integracao-total-entre-comunicacao-e-eventos\"> Integra\u00e7\u00e3o total entre comunica\u00e7\u00e3o e eventos<\/h2>\n\n\n\n<p>Os eventos corporativos deixam de ser a\u00e7\u00f5es isoladas e passam a fazer parte de <strong>campanhas de comunica\u00e7\u00e3o integradas<\/strong>. Isso amplia seu alcance e multiplica os resultados.<\/p>\n\n\n\n<p><strong>Como se conecta:<\/strong><\/p>\n\n\n\n<ul class=\"wp-block-list\">\n<li>Pr\u00e9-evento com campanhas de teaser e engajamento nas redes sociais.<br><br><\/li>\n\n\n\n<li>Cobertura ao vivo e produ\u00e7\u00e3o de conte\u00fado para comunica\u00e7\u00e3o interna e externa.<br><br><\/li>\n\n\n\n<li>P\u00f3s-evento com v\u00eddeos, relat\u00f3rios e ativa\u00e7\u00f5es de relacionamento.<br><br><br><\/li>\n<\/ul>\n\n\n\n<p>A <strong>ag\u00eancia de eventos corporativos<\/strong> passa a atuar em conjunto com os times de marketing, RH e comunica\u00e7\u00e3o, garantindo <strong>consist\u00eancia e sinergia na mensagem da marca<\/strong>.<\/p>\n\n\n\n<h2 class=\"wp-block-heading\" id=\"h-novos-formatos-de-conteudo-ao-vivo\"> Novos formatos de conte\u00fado ao vivo<\/h2>\n\n\n\n<p>Em vez de palestras longas e formais, o conte\u00fado dos eventos ser\u00e1 cada vez mais din\u00e2mico, interativo e com formatos inspirados em <strong>m\u00eddias digitais e entretenimento<\/strong>.<\/p>\n\n\n\n<p><strong>Exemplos para 2026:<\/strong><\/p>\n\n\n\n<ul class=\"wp-block-list\">\n<li>Palcos em arena, com participa\u00e7\u00e3o do p\u00fablico em tempo real.<br><br><\/li>\n\n\n\n<li>Pain\u00e9is r\u00e1pidos no estilo talk show ou podcast ao vivo.<br><br><\/li>\n\n\n\n<li>Microtalks com at\u00e9 10 minutos e din\u00e2micas de perguntas instant\u00e2neas.<br><br><br><\/li>\n<\/ul>\n\n\n\n<p>A <strong>curadoria de conte\u00fado e roteiriza\u00e7\u00e3o criativa<\/strong> s\u00e3o elementos-chave para manter o p\u00fablico engajado do come\u00e7o ao fim, algo que a <strong>Nexacorp domina com excel\u00eancia<\/strong>.<\/p>\n\n\n\n<h2 class=\"wp-block-heading\" id=\"h-a-forca-de-uma-agencia-com-30-anos-de-estrada\"> A for\u00e7a de uma ag\u00eancia com 30 anos de estrada<\/h2>\n\n\n\n<p>Com tantas mudan\u00e7as e tend\u00eancias, a escolha da ag\u00eancia faz toda a diferen\u00e7a. Uma <strong>ag\u00eancia de eventos corporativos<\/strong> experiente como a <strong>Nexacorp<\/strong> oferece:<\/p>\n\n\n\n<ul class=\"wp-block-list\">\n<li><strong>Planejamento estrat\u00e9gico completo<\/strong>, desde a concep\u00e7\u00e3o at\u00e9 o p\u00f3s-evento.<br><br><\/li>\n\n\n\n<li>Equipe multidisciplinar que une criatividade, log\u00edstica e tecnologia.<br><br><\/li>\n\n\n\n<li><strong>Capacidade de resposta r\u00e1pida<\/strong> e vis\u00e3o de mercado apurada.<br><br><\/li>\n\n\n\n<li>Rede confi\u00e1vel de fornecedores e parceiros.<br><br><\/li>\n\n\n\n<li>Solu\u00e7\u00f5es inovadoras e sustent\u00e1veis, sob medida para cada cliente.<br><br><br><\/li>\n<\/ul>\n\n\n\n<p>Quando uma empresa escolhe uma <strong>ag\u00eancia de eventos corporativos<\/strong> como a Nexacorp, ela est\u00e1 <strong>investindo em excel\u00eancia, reputa\u00e7\u00e3o e resultado<\/strong>. E em um mercado cada vez mais competitivo, isso \u00e9 um diferencial decisivo.<\/p>\n","protected":false},"excerpt":{"rendered":"<p>Os eventos corporativos continuam evoluindo rapidamente, impulsionados por mudan\u00e7as no comportamento do p\u00fablico, inova\u00e7\u00f5es tecnol\u00f3gicas e novas demandas de mercado. Para empresas que desejam se&hellip;<\/p>\n","protected":false},"author":2,"featured_media":517,"comment_status":"open","ping_status":"open","sticky":false,"template":"","format":"standard","meta":{"footnotes":""},"categories":[29],"tags":[43,42,32,40,44,36,30,52,50,58,48,49],"class_list":["post-516","post","type-post","status-publish","format-standard","has-post-thumbnail","hentry","category-eventos-corporativos","tag-agencia-de-eventos-corporativos","tag-agencia-eventos","tag-evento","tag-evento-corporativo","tag-eventos","tag-eventos-corporativo","tag-eventos-corporativos","tag-eventos-corporativos-multinacionais","tag-eventos-de-grande-porte","tag-eventos-hibridos","tag-eventos-virtuais","tag-eventos-virtual",""],"yoast_head":"<!-- This site is optimized with the Yoast SEO Premium plugin v25.9 (Yoast SEO v27.5) - https:\/\/yoast.com\/product\/yoast-seo-premium-wordpress\/ -->\n<title>Ag\u00eancia de Eventos Corporativos: Tend\u00eancias em Eventos Corporativos: O que Esperar para 2026 - Nexacorp<\/title>\n<meta name=\"description\" content=\"Neste cen\u00e1rio, o papel de uma ag\u00eancia de eventos corporativos torna-se ainda mais essencial. Com expertise, vis\u00e3o de futuro e dom\u00ednio das...\" \/>\n<meta name=\"robots\" content=\"index, follow, max-snippet:-1, max-image-preview:large, max-video-preview:-1\" \/>\n<link rel=\"canonical\" href=\"https:\/\/www.nexacorp.com.br\/blog\/tendencias-em-eventos-corporativos-o-que-esperar-para-2026-3\/\" \/>\n<meta property=\"og:locale\" content=\"pt_BR\" \/>\n<meta property=\"og:type\" content=\"article\" \/>\n<meta property=\"og:title\" content=\"Tend\u00eancias em Eventos Corporativos: O que Esperar para 2026\" \/>\n<meta property=\"og:description\" content=\"Neste cen\u00e1rio, o papel de uma ag\u00eancia de eventos corporativos torna-se ainda mais essencial. Com expertise, vis\u00e3o de futuro e dom\u00ednio das...\" \/>\n<meta property=\"og:url\" content=\"https:\/\/www.nexacorp.com.br\/blog\/tendencias-em-eventos-corporativos-o-que-esperar-para-2026-3\/\" \/>\n<meta property=\"og:site_name\" content=\"Nexacorp\" \/>\n<meta property=\"article:publisher\" content=\"https:\/\/www.facebook.com\/clinicanatur\" \/>\n<meta property=\"article:published_time\" content=\"2025-11-18T10:30:40+00:00\" \/>\n<meta property=\"article:modified_time\" content=\"2025-11-28T10:34:34+00:00\" \/>\n<meta property=\"og:image\" content=\"https:\/\/www.nexacorp.com.br\/blog\/wp-content\/uploads\/2025\/11\/agencia-de-eventos-corporativos-1.jpg\" \/>\n\t<meta property=\"og:image:width\" content=\"740\" \/>\n\t<meta property=\"og:image:height\" content=\"415\" \/>\n\t<meta property=\"og:image:type\" content=\"image\/jpeg\" \/>\n<meta name=\"author\" content=\"Admin\" \/>\n<meta name=\"twitter:card\" content=\"summary_large_image\" \/>\n<meta name=\"twitter:label1\" content=\"Escrito por\" \/>\n\t<meta name=\"twitter:data1\" content=\"Admin\" \/>\n\t<meta name=\"twitter:label2\" content=\"Est. tempo de leitura\" \/>\n\t<meta name=\"twitter:data2\" content=\"7 minutos\" \/>\n<script type=\"application\/ld+json\" class=\"yoast-schema-graph\">{\"@context\":\"https:\\\/\\\/schema.org\",\"@graph\":[{\"@type\":\"Article\",\"@id\":\"https:\\\/\\\/www.nexacorp.com.br\\\/blog\\\/tendencias-em-eventos-corporativos-o-que-esperar-para-2026-3\\\/#article\",\"isPartOf\":{\"@id\":\"https:\\\/\\\/www.nexacorp.com.br\\\/blog\\\/tendencias-em-eventos-corporativos-o-que-esperar-para-2026-3\\\/\"},\"author\":{\"name\":\"Admin\",\"@id\":\"https:\\\/\\\/www.nexacorp.com.br\\\/blog\\\/#\\\/schema\\\/person\\\/fc4c45f297f0b2b6d331821e5c42aee1\"},\"headline\":\"Tend\u00eancias em Eventos Corporativos: O que Esperar para 2026\",\"datePublished\":\"2025-11-18T10:30:40+00:00\",\"dateModified\":\"2025-11-28T10:34:34+00:00\",\"mainEntityOfPage\":{\"@id\":\"https:\\\/\\\/www.nexacorp.com.br\\\/blog\\\/tendencias-em-eventos-corporativos-o-que-esperar-para-2026-3\\\/\"},\"wordCount\":1261,\"commentCount\":0,\"publisher\":{\"@id\":\"https:\\\/\\\/www.nexacorp.com.br\\\/blog\\\/#organization\"},\"image\":{\"@id\":\"https:\\\/\\\/www.nexacorp.com.br\\\/blog\\\/tendencias-em-eventos-corporativos-o-que-esperar-para-2026-3\\\/#primaryimage\"},\"thumbnailUrl\":\"https:\\\/\\\/www.nexacorp.com.br\\\/blog\\\/wp-content\\\/uploads\\\/2025\\\/11\\\/agencia-de-eventos-corporativos-1.jpg\",\"keywords\":[\"Ag\u00eancia de Eventos Corporativos\",\"Ag\u00eancia Eventos\",\"Evento\",\"Evento Corporativo\",\"Eventos\",\"Eventos Corporativo\",\"eventos corporativos\",\"Eventos Corporativos Multinacionais\",\"Eventos de Grande Porte\",\"Eventos H\u00edbridos\",\"Eventos Virtuais\",\"Eventos Virtual\"],\"articleSection\":[\"Eventos Corporativos\"],\"inLanguage\":\"pt-BR\",\"potentialAction\":[{\"@type\":\"CommentAction\",\"name\":\"Comment\",\"target\":[\"https:\\\/\\\/www.nexacorp.com.br\\\/blog\\\/tendencias-em-eventos-corporativos-o-que-esperar-para-2026-3\\\/#respond\"]}]},{\"@type\":\"WebPage\",\"@id\":\"https:\\\/\\\/www.nexacorp.com.br\\\/blog\\\/tendencias-em-eventos-corporativos-o-que-esperar-para-2026-3\\\/\",\"url\":\"https:\\\/\\\/www.nexacorp.com.br\\\/blog\\\/tendencias-em-eventos-corporativos-o-que-esperar-para-2026-3\\\/\",\"name\":\"Ag\u00eancia de Eventos Corporativos: Tend\u00eancias em Eventos Corporativos: O que Esperar para 2026 - Nexacorp\",\"isPartOf\":{\"@id\":\"https:\\\/\\\/www.nexacorp.com.br\\\/blog\\\/#website\"},\"primaryImageOfPage\":{\"@id\":\"https:\\\/\\\/www.nexacorp.com.br\\\/blog\\\/tendencias-em-eventos-corporativos-o-que-esperar-para-2026-3\\\/#primaryimage\"},\"image\":{\"@id\":\"https:\\\/\\\/www.nexacorp.com.br\\\/blog\\\/tendencias-em-eventos-corporativos-o-que-esperar-para-2026-3\\\/#primaryimage\"},\"thumbnailUrl\":\"https:\\\/\\\/www.nexacorp.com.br\\\/blog\\\/wp-content\\\/uploads\\\/2025\\\/11\\\/agencia-de-eventos-corporativos-1.jpg\",\"datePublished\":\"2025-11-18T10:30:40+00:00\",\"dateModified\":\"2025-11-28T10:34:34+00:00\",\"description\":\"Neste cen\u00e1rio, o papel de uma ag\u00eancia de eventos corporativos torna-se ainda mais essencial. Com expertise, vis\u00e3o de futuro e dom\u00ednio das...\",\"breadcrumb\":{\"@id\":\"https:\\\/\\\/www.nexacorp.com.br\\\/blog\\\/tendencias-em-eventos-corporativos-o-que-esperar-para-2026-3\\\/#breadcrumb\"},\"inLanguage\":\"pt-BR\",\"potentialAction\":[{\"@type\":\"ReadAction\",\"target\":[\"https:\\\/\\\/www.nexacorp.com.br\\\/blog\\\/tendencias-em-eventos-corporativos-o-que-esperar-para-2026-3\\\/\"]}]},{\"@type\":\"ImageObject\",\"inLanguage\":\"pt-BR\",\"@id\":\"https:\\\/\\\/www.nexacorp.com.br\\\/blog\\\/tendencias-em-eventos-corporativos-o-que-esperar-para-2026-3\\\/#primaryimage\",\"url\":\"https:\\\/\\\/www.nexacorp.com.br\\\/blog\\\/wp-content\\\/uploads\\\/2025\\\/11\\\/agencia-de-eventos-corporativos-1.jpg\",\"contentUrl\":\"https:\\\/\\\/www.nexacorp.com.br\\\/blog\\\/wp-content\\\/uploads\\\/2025\\\/11\\\/agencia-de-eventos-corporativos-1.jpg\",\"width\":740,\"height\":415,\"caption\":\"ag\u00eancia de eventos corporativos\"},{\"@type\":\"BreadcrumbList\",\"@id\":\"https:\\\/\\\/www.nexacorp.com.br\\\/blog\\\/tendencias-em-eventos-corporativos-o-que-esperar-para-2026-3\\\/#breadcrumb\",\"itemListElement\":[{\"@type\":\"ListItem\",\"position\":1,\"name\":\"In\u00edcio\",\"item\":\"https:\\\/\\\/www.nexacorp.com.br\\\/blog\\\/\"},{\"@type\":\"ListItem\",\"position\":2,\"name\":\"Tend\u00eancias em Eventos Corporativos: O que Esperar para 2026\"}]},{\"@type\":\"WebSite\",\"@id\":\"https:\\\/\\\/www.nexacorp.com.br\\\/blog\\\/#website\",\"url\":\"https:\\\/\\\/www.nexacorp.com.br\\\/blog\\\/\",\"name\":\"Cl\u00ednica Natural Health\",\"description\":\"Na NexaCorp, a excel\u00eancia e a inova\u00e7\u00e3o se encontram para criar eventos corporativos que s\u00e3o verdadeiramente inesquec\u00edveis.\",\"publisher\":{\"@id\":\"https:\\\/\\\/www.nexacorp.com.br\\\/blog\\\/#organization\"},\"potentialAction\":[{\"@type\":\"SearchAction\",\"target\":{\"@type\":\"EntryPoint\",\"urlTemplate\":\"https:\\\/\\\/www.nexacorp.com.br\\\/blog\\\/?s={search_term_string}\"},\"query-input\":{\"@type\":\"PropertyValueSpecification\",\"valueRequired\":true,\"valueName\":\"search_term_string\"}}],\"inLanguage\":\"pt-BR\"},{\"@type\":[\"Organization\",\"Place\"],\"@id\":\"https:\\\/\\\/www.nexacorp.com.br\\\/blog\\\/#organization\",\"name\":\"Natural Health\",\"alternateName\":\"Natural Health\",\"url\":\"https:\\\/\\\/www.nexacorp.com.br\\\/blog\\\/\",\"logo\":{\"@id\":\"https:\\\/\\\/www.nexacorp.com.br\\\/blog\\\/tendencias-em-eventos-corporativos-o-que-esperar-para-2026-3\\\/#local-main-organization-logo\"},\"image\":{\"@id\":\"https:\\\/\\\/www.nexacorp.com.br\\\/blog\\\/tendencias-em-eventos-corporativos-o-que-esperar-para-2026-3\\\/#local-main-organization-logo\"},\"sameAs\":[\"https:\\\/\\\/www.facebook.com\\\/clinicanatur\"],\"description\":\"Somos uma cl\u00ednica especializada em terapias hol\u00edsticas e ortomoleculares. Nosso foco \u00e9 tratar a causa dos problemas de sa\u00fade e n\u00e3o apenas os sintomas, acolhendo cada pessoa de forma \u00fanica.\",\"telephone\":[],\"openingHoursSpecification\":[{\"@type\":\"OpeningHoursSpecification\",\"dayOfWeek\":[\"Sunday\",\"Monday\",\"Tuesday\",\"Wednesday\",\"Thursday\",\"Friday\",\"Saturday\"],\"opens\":\"09:00\",\"closes\":\"17:00\"}]},{\"@type\":\"Person\",\"@id\":\"https:\\\/\\\/www.nexacorp.com.br\\\/blog\\\/#\\\/schema\\\/person\\\/fc4c45f297f0b2b6d331821e5c42aee1\",\"name\":\"Admin\",\"image\":{\"@type\":\"ImageObject\",\"inLanguage\":\"pt-BR\",\"@id\":\"https:\\\/\\\/secure.gravatar.com\\\/avatar\\\/ae92580851fb03298934a1b9611b38c6dbe9c76ce20ff6d3222955b1fd38e5da?s=96&d=mm&r=g\",\"url\":\"https:\\\/\\\/secure.gravatar.com\\\/avatar\\\/ae92580851fb03298934a1b9611b38c6dbe9c76ce20ff6d3222955b1fd38e5da?s=96&d=mm&r=g\",\"contentUrl\":\"https:\\\/\\\/secure.gravatar.com\\\/avatar\\\/ae92580851fb03298934a1b9611b38c6dbe9c76ce20ff6d3222955b1fd38e5da?s=96&d=mm&r=g\",\"caption\":\"Admin\"},\"url\":\"https:\\\/\\\/www.nexacorp.com.br\\\/blog\\\/author\\\/admin\\\/\"},{\"@type\":\"ImageObject\",\"inLanguage\":\"pt-BR\",\"@id\":\"https:\\\/\\\/www.nexacorp.com.br\\\/blog\\\/tendencias-em-eventos-corporativos-o-que-esperar-para-2026-3\\\/#local-main-organization-logo\",\"url\":\"https:\\\/\\\/www.nexacorp.com.br\\\/blog\\\/wp-content\\\/uploads\\\/2025\\\/09\\\/logo.webp\",\"contentUrl\":\"https:\\\/\\\/www.nexacorp.com.br\\\/blog\\\/wp-content\\\/uploads\\\/2025\\\/09\\\/logo.webp\",\"width\":105,\"height\":61,\"caption\":\"Natural Health\"}]}<\/script>\n<!-- \/ Yoast SEO Premium plugin. -->","yoast_head_json":{"title":"Ag\u00eancia de Eventos Corporativos: Tend\u00eancias em Eventos Corporativos: O que Esperar para 2026 - Nexacorp","description":"Neste cen\u00e1rio, o papel de uma ag\u00eancia de eventos corporativos torna-se ainda mais essencial. Com expertise, vis\u00e3o de futuro e dom\u00ednio das...","robots":{"index":"index","follow":"follow","max-snippet":"max-snippet:-1","max-image-preview":"max-image-preview:large","max-video-preview":"max-video-preview:-1"},"canonical":"https:\/\/www.nexacorp.com.br\/blog\/tendencias-em-eventos-corporativos-o-que-esperar-para-2026-3\/","og_locale":"pt_BR","og_type":"article","og_title":"Tend\u00eancias em Eventos Corporativos: O que Esperar para 2026","og_description":"Neste cen\u00e1rio, o papel de uma ag\u00eancia de eventos corporativos torna-se ainda mais essencial. Com expertise, vis\u00e3o de futuro e dom\u00ednio das...","og_url":"https:\/\/www.nexacorp.com.br\/blog\/tendencias-em-eventos-corporativos-o-que-esperar-para-2026-3\/","og_site_name":"Nexacorp","article_publisher":"https:\/\/www.facebook.com\/clinicanatur","article_published_time":"2025-11-18T10:30:40+00:00","article_modified_time":"2025-11-28T10:34:34+00:00","og_image":[{"width":740,"height":415,"url":"https:\/\/www.nexacorp.com.br\/blog\/wp-content\/uploads\/2025\/11\/agencia-de-eventos-corporativos-1.jpg","type":"image\/jpeg"}],"author":"Admin","twitter_card":"summary_large_image","twitter_misc":{"Escrito por":"Admin","Est. tempo de leitura":"7 minutos"},"schema":{"@context":"https:\/\/schema.org","@graph":[{"@type":"Article","@id":"https:\/\/www.nexacorp.com.br\/blog\/tendencias-em-eventos-corporativos-o-que-esperar-para-2026-3\/#article","isPartOf":{"@id":"https:\/\/www.nexacorp.com.br\/blog\/tendencias-em-eventos-corporativos-o-que-esperar-para-2026-3\/"},"author":{"name":"Admin","@id":"https:\/\/www.nexacorp.com.br\/blog\/#\/schema\/person\/fc4c45f297f0b2b6d331821e5c42aee1"},"headline":"Tend\u00eancias em Eventos Corporativos: O que Esperar para 2026","datePublished":"2025-11-18T10:30:40+00:00","dateModified":"2025-11-28T10:34:34+00:00","mainEntityOfPage":{"@id":"https:\/\/www.nexacorp.com.br\/blog\/tendencias-em-eventos-corporativos-o-que-esperar-para-2026-3\/"},"wordCount":1261,"commentCount":0,"publisher":{"@id":"https:\/\/www.nexacorp.com.br\/blog\/#organization"},"image":{"@id":"https:\/\/www.nexacorp.com.br\/blog\/tendencias-em-eventos-corporativos-o-que-esperar-para-2026-3\/#primaryimage"},"thumbnailUrl":"https:\/\/www.nexacorp.com.br\/blog\/wp-content\/uploads\/2025\/11\/agencia-de-eventos-corporativos-1.jpg","keywords":["Ag\u00eancia de Eventos Corporativos","Ag\u00eancia Eventos","Evento","Evento Corporativo","Eventos","Eventos Corporativo","eventos corporativos","Eventos Corporativos Multinacionais","Eventos de Grande Porte","Eventos H\u00edbridos","Eventos Virtuais","Eventos Virtual"],"articleSection":["Eventos Corporativos"],"inLanguage":"pt-BR","potentialAction":[{"@type":"CommentAction","name":"Comment","target":["https:\/\/www.nexacorp.com.br\/blog\/tendencias-em-eventos-corporativos-o-que-esperar-para-2026-3\/#respond"]}]},{"@type":"WebPage","@id":"https:\/\/www.nexacorp.com.br\/blog\/tendencias-em-eventos-corporativos-o-que-esperar-para-2026-3\/","url":"https:\/\/www.nexacorp.com.br\/blog\/tendencias-em-eventos-corporativos-o-que-esperar-para-2026-3\/","name":"Ag\u00eancia de Eventos Corporativos: Tend\u00eancias em Eventos Corporativos: O que Esperar para 2026 - Nexacorp","isPartOf":{"@id":"https:\/\/www.nexacorp.com.br\/blog\/#website"},"primaryImageOfPage":{"@id":"https:\/\/www.nexacorp.com.br\/blog\/tendencias-em-eventos-corporativos-o-que-esperar-para-2026-3\/#primaryimage"},"image":{"@id":"https:\/\/www.nexacorp.com.br\/blog\/tendencias-em-eventos-corporativos-o-que-esperar-para-2026-3\/#primaryimage"},"thumbnailUrl":"https:\/\/www.nexacorp.com.br\/blog\/wp-content\/uploads\/2025\/11\/agencia-de-eventos-corporativos-1.jpg","datePublished":"2025-11-18T10:30:40+00:00","dateModified":"2025-11-28T10:34:34+00:00","description":"Neste cen\u00e1rio, o papel de uma ag\u00eancia de eventos corporativos torna-se ainda mais essencial. Com expertise, vis\u00e3o de futuro e dom\u00ednio das...","breadcrumb":{"@id":"https:\/\/www.nexacorp.com.br\/blog\/tendencias-em-eventos-corporativos-o-que-esperar-para-2026-3\/#breadcrumb"},"inLanguage":"pt-BR","potentialAction":[{"@type":"ReadAction","target":["https:\/\/www.nexacorp.com.br\/blog\/tendencias-em-eventos-corporativos-o-que-esperar-para-2026-3\/"]}]},{"@type":"ImageObject","inLanguage":"pt-BR","@id":"https:\/\/www.nexacorp.com.br\/blog\/tendencias-em-eventos-corporativos-o-que-esperar-para-2026-3\/#primaryimage","url":"https:\/\/www.nexacorp.com.br\/blog\/wp-content\/uploads\/2025\/11\/agencia-de-eventos-corporativos-1.jpg","contentUrl":"https:\/\/www.nexacorp.com.br\/blog\/wp-content\/uploads\/2025\/11\/agencia-de-eventos-corporativos-1.jpg","width":740,"height":415,"caption":"ag\u00eancia de eventos corporativos"},{"@type":"BreadcrumbList","@id":"https:\/\/www.nexacorp.com.br\/blog\/tendencias-em-eventos-corporativos-o-que-esperar-para-2026-3\/#breadcrumb","itemListElement":[{"@type":"ListItem","position":1,"name":"In\u00edcio","item":"https:\/\/www.nexacorp.com.br\/blog\/"},{"@type":"ListItem","position":2,"name":"Tend\u00eancias em Eventos Corporativos: O que Esperar para 2026"}]},{"@type":"WebSite","@id":"https:\/\/www.nexacorp.com.br\/blog\/#website","url":"https:\/\/www.nexacorp.com.br\/blog\/","name":"Cl\u00ednica Natural Health","description":"Na NexaCorp, a excel\u00eancia e a inova\u00e7\u00e3o se encontram para criar eventos corporativos que s\u00e3o verdadeiramente inesquec\u00edveis.","publisher":{"@id":"https:\/\/www.nexacorp.com.br\/blog\/#organization"},"potentialAction":[{"@type":"SearchAction","target":{"@type":"EntryPoint","urlTemplate":"https:\/\/www.nexacorp.com.br\/blog\/?s={search_term_string}"},"query-input":{"@type":"PropertyValueSpecification","valueRequired":true,"valueName":"search_term_string"}}],"inLanguage":"pt-BR"},{"@type":["Organization","Place"],"@id":"https:\/\/www.nexacorp.com.br\/blog\/#organization","name":"Natural Health","alternateName":"Natural Health","url":"https:\/\/www.nexacorp.com.br\/blog\/","logo":{"@id":"https:\/\/www.nexacorp.com.br\/blog\/tendencias-em-eventos-corporativos-o-que-esperar-para-2026-3\/#local-main-organization-logo"},"image":{"@id":"https:\/\/www.nexacorp.com.br\/blog\/tendencias-em-eventos-corporativos-o-que-esperar-para-2026-3\/#local-main-organization-logo"},"sameAs":["https:\/\/www.facebook.com\/clinicanatur"],"description":"Somos uma cl\u00ednica especializada em terapias hol\u00edsticas e ortomoleculares. Nosso foco \u00e9 tratar a causa dos problemas de sa\u00fade e n\u00e3o apenas os sintomas, acolhendo cada pessoa de forma \u00fanica.","telephone":[],"openingHoursSpecification":[{"@type":"OpeningHoursSpecification","dayOfWeek":["Sunday","Monday","Tuesday","Wednesday","Thursday","Friday","Saturday"],"opens":"09:00","closes":"17:00"}]},{"@type":"Person","@id":"https:\/\/www.nexacorp.com.br\/blog\/#\/schema\/person\/fc4c45f297f0b2b6d331821e5c42aee1","name":"Admin","image":{"@type":"ImageObject","inLanguage":"pt-BR","@id":"https:\/\/secure.gravatar.com\/avatar\/ae92580851fb03298934a1b9611b38c6dbe9c76ce20ff6d3222955b1fd38e5da?s=96&d=mm&r=g","url":"https:\/\/secure.gravatar.com\/avatar\/ae92580851fb03298934a1b9611b38c6dbe9c76ce20ff6d3222955b1fd38e5da?s=96&d=mm&r=g","contentUrl":"https:\/\/secure.gravatar.com\/avatar\/ae92580851fb03298934a1b9611b38c6dbe9c76ce20ff6d3222955b1fd38e5da?s=96&d=mm&r=g","caption":"Admin"},"url":"https:\/\/www.nexacorp.com.br\/blog\/author\/admin\/"},{"@type":"ImageObject","inLanguage":"pt-BR","@id":"https:\/\/www.nexacorp.com.br\/blog\/tendencias-em-eventos-corporativos-o-que-esperar-para-2026-3\/#local-main-organization-logo","url":"https:\/\/www.nexacorp.com.br\/blog\/wp-content\/uploads\/2025\/09\/logo.webp","contentUrl":"https:\/\/www.nexacorp.com.br\/blog\/wp-content\/uploads\/2025\/09\/logo.webp","width":105,"height":61,"caption":"Natural Health"}]}},"_links":{"self":[{"href":"https:\/\/www.nexacorp.com.br\/blog\/wp-json\/wp\/v2\/posts\/516","targetHints":{"allow":["GET"]}}],"collection":[{"href":"https:\/\/www.nexacorp.com.br\/blog\/wp-json\/wp\/v2\/posts"}],"about":[{"href":"https:\/\/www.nexacorp.com.br\/blog\/wp-json\/wp\/v2\/types\/post"}],"author":[{"embeddable":true,"href":"https:\/\/www.nexacorp.com.br\/blog\/wp-json\/wp\/v2\/users\/2"}],"replies":[{"embeddable":true,"href":"https:\/\/www.nexacorp.com.br\/blog\/wp-json\/wp\/v2\/comments?post=516"}],"version-history":[{"count":4,"href":"https:\/\/www.nexacorp.com.br\/blog\/wp-json\/wp\/v2\/posts\/516\/revisions"}],"predecessor-version":[{"id":521,"href":"https:\/\/www.nexacorp.com.br\/blog\/wp-json\/wp\/v2\/posts\/516\/revisions\/521"}],"wp:featuredmedia":[{"embeddable":true,"href":"https:\/\/www.nexacorp.com.br\/blog\/wp-json\/wp\/v2\/media\/517"}],"wp:attachment":[{"href":"https:\/\/www.nexacorp.com.br\/blog\/wp-json\/wp\/v2\/media?parent=516"}],"wp:term":[{"taxonomy":"category","embeddable":true,"href":"https:\/\/www.nexacorp.com.br\/blog\/wp-json\/wp\/v2\/categories?post=516"},{"taxonomy":"post_tag","embeddable":true,"href":"https:\/\/www.nexacorp.com.br\/blog\/wp-json\/wp\/v2\/tags?post=516"}],"curies":[{"name":"wp","href":"https:\/\/api.w.org\/{rel}","templated":true}]}}