{"id":176,"date":"2025-09-24T05:23:00","date_gmt":"2025-09-24T08:23:00","guid":{"rendered":"https:\/\/nexacorp.com.br\/blog\/?p=176"},"modified":"2025-10-15T05:25:05","modified_gmt":"2025-10-15T08:25:05","slug":"sustentabilidade-em-eventos-corporativos-do-discurso-a-pratica","status":"publish","type":"post","link":"https:\/\/www.nexacorp.com.br\/blog\/sustentabilidade-em-eventos-corporativos-do-discurso-a-pratica\/","title":{"rendered":"Sustentabilidade em eventos corporativos: do discurso \u00e0 pr\u00e1tica"},"content":{"rendered":"\n<p>A sustentabilidade deixou de ser apenas uma pauta institucional para se tornar uma <strong>exig\u00eancia real do mercado<\/strong>. Em um cen\u00e1rio onde empresas, consumidores e investidores cobram posicionamentos \u00e9ticos e a\u00e7\u00f5es concretas, os <strong>eventos corporativos<\/strong> tamb\u00e9m passaram a ser avaliados sob a \u00f3tica da <strong>responsabilidade ambiental e social<\/strong>.<\/p>\n\n\n\n<p>Se antes bastava mencionar \u201ccompromisso com o meio ambiente\u201d em uma apresenta\u00e7\u00e3o, hoje \u00e9 necess\u00e1rio <strong>comprovar atitudes sustent\u00e1veis<\/strong>, especialmente nos momentos em que a marca se apresenta ao p\u00fablico \u2014 e os eventos s\u00e3o um dos mais potentes.<\/p>\n\n\n\n<p>\u00c9 justamente nesse ponto que o papel de uma <strong>ag\u00eancia de eventos corporativos<\/strong> ganha destaque. Traduzir valores em experi\u00eancias pr\u00e1ticas exige conhecimento t\u00e9cnico, planejamento estrat\u00e9gico e solu\u00e7\u00f5es criativas. E \u00e9 exatamente isso que a <strong>Nexacorp<\/strong> oferece: h\u00e1 mais de 30 anos, realiza eventos de alto padr\u00e3o, com foco em inova\u00e7\u00e3o, experi\u00eancia e, cada vez mais, <strong>sustentabilidade aplicada com responsabilidade e consist\u00eancia<\/strong>.<\/p>\n\n\n\n<h2 class=\"wp-block-heading\" id=\"h-sustentabilidade-de-tendencia-a-necessidade\"><a><\/a> <strong>Sustentabilidade: de tend\u00eancia a necessidade<\/strong><\/h2>\n\n\n\n<p>A busca por eventos mais sustent\u00e1veis n\u00e3o \u00e9 mais uma escolha \u2014 \u00e9 uma demanda urgente. Os impactos ambientais e sociais de grandes produ\u00e7\u00f5es, feiras, conven\u00e7\u00f5es e encontros corporativos precisam ser levados a s\u00e9rio.<\/p>\n\n\n\n<p>E por qu\u00ea?<\/p>\n\n\n\n<ul class=\"wp-block-list\">\n<li>Porque os <strong>colaboradores querem trabalhar em empresas com prop\u00f3sito<\/strong>;<br><br><\/li>\n\n\n\n<li>Porque o mercado valoriza marcas que <strong>fazem o que dizem<\/strong>;<br><br><\/li>\n\n\n\n<li>Porque \u00e9 poss\u00edvel sim realizar eventos incr\u00edveis com <strong>baixo impacto ambiental<\/strong>;<br><br><\/li>\n\n\n\n<li>E porque a sustentabilidade <strong>agrega valor \u00e0 experi\u00eancia<\/strong>.<br><br><br><\/li>\n<\/ul>\n\n\n\n<p>Mais do que \u201cfazer bonito\u201d, trata-se de <strong>fazer certo<\/strong> \u2014 e de forma vi\u00e1vel. Com a parceria de uma <strong>ag\u00eancia de eventos corporativos<\/strong> experiente, como a Nexacorp, \u00e9 poss\u00edvel integrar sustentabilidade ao evento <strong>sem comprometer qualidade, impacto ou resultado<\/strong>.<\/p>\n\n\n\n<h2 class=\"wp-block-heading\" id=\"h-como-a-sustentabilidade-se-aplica-na-pratica-aos-eventos-corporativos\"><a><\/a> <strong>Como a sustentabilidade se aplica na pr\u00e1tica aos eventos corporativos?<\/strong><\/h2>\n\n\n\n<p>Implementar pr\u00e1ticas sustent\u00e1veis em eventos exige planejamento desde o in\u00edcio. A <strong>Nexacorp<\/strong>, como ag\u00eancia especializada, atua com uma abordagem completa e integrada, cuidando de todos os pontos que fazem diferen\u00e7a real.<\/p>\n\n\n\n<p>Confira as principais frentes de atua\u00e7\u00e3o:<\/p>\n\n\n\n<h3 class=\"wp-block-heading\" id=\"h-1-escolha-de-materiais-reutilizaveis-e-sustentaveis\"><a><\/a> <strong>1. Escolha de materiais reutiliz\u00e1veis e sustent\u00e1veis<\/strong><\/h3>\n\n\n\n<p>A cenografia e a ambienta\u00e7\u00e3o do evento s\u00e3o repensadas para reduzir desperd\u00edcios e prolongar o ciclo de vida dos materiais:<\/p>\n\n\n\n<ul class=\"wp-block-list\">\n<li>Uso de <strong>estruturas modulares e reutiliz\u00e1veis<\/strong>;<br><br><\/li>\n\n\n\n<li>Impress\u00f5es em materiais recicl\u00e1veis ou biodegrad\u00e1veis;<br><br><\/li>\n\n\n\n<li>Mobili\u00e1rio sustent\u00e1vel ou reaproveitado;<br><br><\/li>\n\n\n\n<li>Elimina\u00e7\u00e3o de itens descart\u00e1veis e uso de materiais dur\u00e1veis.<br><br><br><\/li>\n<\/ul>\n\n\n\n<p>Com criatividade e t\u00e9cnica, a Nexacorp desenvolve <strong>cenografias impactantes e ecol\u00f3gicas<\/strong>, que comunicam inova\u00e7\u00e3o e responsabilidade.<\/p>\n\n\n\n<h3 class=\"wp-block-heading\" id=\"h-2-gestao-de-residuos-e-logistica-reversa\"><a><\/a> <strong>2. Gest\u00e3o de res\u00edduos e log\u00edstica reversa<\/strong><\/h3>\n\n\n\n<p>A produ\u00e7\u00e3o de res\u00edduos em eventos pode ser alta \u2014 mas com o planejamento correto, ela pode ser <strong>reduzida drasticamente<\/strong> e at\u00e9 se tornar fonte de transforma\u00e7\u00e3o:<\/p>\n\n\n\n<ul class=\"wp-block-list\">\n<li>Esta\u00e7\u00f5es de coleta seletiva bem distribu\u00eddas e sinalizadas;<br><br><\/li>\n\n\n\n<li>Parcerias com cooperativas locais para reciclagem;<br><br><\/li>\n\n\n\n<li>Planejamento log\u00edstico para <strong>desmontagem consciente e reaproveitamento<\/strong>;<br><br><\/li>\n\n\n\n<li>Elimina\u00e7\u00e3o de brindes e materiais promocionais sem utilidade real.<br><br><br><\/li>\n<\/ul>\n\n\n\n<p>Al\u00e9m disso, a Nexacorp desenvolve <strong>planos de gerenciamento de res\u00edduos personalizados<\/strong>, adaptando as solu\u00e7\u00f5es ao porte e ao tipo de evento.<\/p>\n\n\n\n<h3 class=\"wp-block-heading\" id=\"h-3-reducao-de-consumo-de-energia-e-agua\"><a><\/a> <strong>3. Redu\u00e7\u00e3o de consumo de energia e \u00e1gua<\/strong><\/h3>\n\n\n\n<p>A infraestrutura do evento \u00e9 pensada para <strong>minimizar o consumo de recursos naturais<\/strong>, com alternativas tecnol\u00f3gicas e operacionais, como:<\/p>\n\n\n\n<ul class=\"wp-block-list\">\n<li>Ilumina\u00e7\u00e3o de LED de baixo consumo;<br><br><\/li>\n\n\n\n<li>Equipamentos eletr\u00f4nicos mais eficientes;<br><br><\/li>\n\n\n\n<li>A\u00e7\u00f5es para redu\u00e7\u00e3o de uso de \u00e1gua em banheiros e cozinhas;<br><br><\/li>\n\n\n\n<li>Incentivo ao uso de ventila\u00e7\u00e3o natural, sempre que poss\u00edvel.<br><br><br><\/li>\n<\/ul>\n\n\n\n<p>Essas a\u00e7\u00f5es n\u00e3o apenas reduzem o impacto ambiental como tamb\u00e9m <strong>diminuem os custos operacionais<\/strong> do evento.<\/p>\n\n\n\n<h3 class=\"wp-block-heading\" id=\"h-4-transporte-e-mobilidade-consciente\"><a><\/a> <strong>4. Transporte e mobilidade consciente<\/strong><\/h3>\n\n\n\n<p>A log\u00edstica de transporte de pessoas e equipamentos pode gerar grande pegada de carbono. Para isso, a Nexacorp orienta solu\u00e7\u00f5es como:<\/p>\n\n\n\n<ul class=\"wp-block-list\">\n<li>Locais com f\u00e1cil acesso por transporte p\u00fablico;<br><br><\/li>\n\n\n\n<li>Transporte coletivo para equipes e convidados;<br><br><\/li>\n\n\n\n<li>Caronas solid\u00e1rias e incentivos ao uso de bicicletas;<br><br><\/li>\n\n\n\n<li>Compensa\u00e7\u00e3o de emiss\u00f5es com programas de cr\u00e9dito de carbono.<br><br><br><\/li>\n<\/ul>\n\n\n\n<p>Al\u00e9m disso, <strong>eventos h\u00edbridos e digitais<\/strong> tamb\u00e9m surgem como alternativa sustent\u00e1vel, reduzindo deslocamentos sem perder impacto.<\/p>\n\n\n\n<h3 class=\"wp-block-heading\" id=\"h-5-fornecedores-comprometidos-com-praticas-sustentaveis\"><a><\/a> <strong>5. Fornecedores comprometidos com pr\u00e1ticas sustent\u00e1veis<\/strong><\/h3>\n\n\n\n<p>A sustentabilidade de um evento depende, tamb\u00e9m, da cadeia de produ\u00e7\u00e3o. A Nexacorp conta com uma <strong>rede de fornecedores confi\u00e1veis<\/strong>, que compartilham da mesma vis\u00e3o de futuro:<\/p>\n\n\n\n<ul class=\"wp-block-list\">\n<li>Catering com alimentos org\u00e2nicos, locais e de origem controlada;<br><br><\/li>\n\n\n\n<li>Impressoras com certifica\u00e7\u00f5es ambientais;<br><br><\/li>\n\n\n\n<li>Locadoras de equipamentos com log\u00edstica reversa;<br><br><\/li>\n\n\n\n<li>Profissionais e empresas com <strong>comprometimento social e ambiental<\/strong>.<br><br><br><\/li>\n<\/ul>\n\n\n\n<p>Essa curadoria rigorosa garante que todas as etapas do evento estejam <strong>alinhadas aos valores da empresa contratante<\/strong>.<\/p>\n\n\n\n<h2 class=\"wp-block-heading\" id=\"h-a-comunicacao-sustentavel-falar-menos-mostrar-mais\"><a><\/a> <strong>A comunica\u00e7\u00e3o sustent\u00e1vel: falar menos, mostrar mais<\/strong><\/h2>\n\n\n\n<p>A sustentabilidade tamb\u00e9m est\u00e1 na forma como a marca se comunica durante o evento. N\u00e3o basta usar palavras bonitas \u2014 \u00e9 preciso <strong>mostrar atitudes reais<\/strong>.<\/p>\n\n\n\n<p>A <strong>ag\u00eancia de eventos corporativos<\/strong> deve ajudar a empresa a:<\/p>\n\n\n\n<ul class=\"wp-block-list\">\n<li>Tornar vis\u00edveis as pr\u00e1ticas sustent\u00e1veis adotadas no evento;<br><br><\/li>\n\n\n\n<li>Criar pain\u00e9is, placas e comunica\u00e7\u00f5es que <strong>educam o p\u00fablico<\/strong> sobre a\u00e7\u00f5es ecol\u00f3gicas;<br><br><\/li>\n\n\n\n<li>Compartilhar resultados p\u00f3s-evento (toneladas de res\u00edduos reciclados, \u00e1gua economizada etc.);<br><br><\/li>\n\n\n\n<li>Incorporar a\u00e7\u00f5es de impacto social e ambiental nas ativa\u00e7\u00f5es de marca.<br><br><br><\/li>\n<\/ul>\n\n\n\n<p>A <strong>Nexacorp<\/strong> integra esses elementos ao projeto de forma natural e estrat\u00e9gica, fazendo com que a sustentabilidade seja <strong>parte da experi\u00eancia<\/strong>, e n\u00e3o apenas um adere\u00e7o.<\/p>\n\n\n\n<h2 class=\"wp-block-heading\" id=\"h-eventos-sustentaveis-tambem-geram-engajamento\"><a><\/a> <strong>Eventos sustent\u00e1veis tamb\u00e9m geram engajamento<\/strong><\/h2>\n\n\n\n<p>Engana-se quem pensa que sustentabilidade \u00e9 um &#8220;detalhe t\u00e9cnico&#8221;. Na verdade, ela pode ser <strong>uma fonte poderosa de engajamento interno e externo<\/strong>. Veja como:<\/p>\n\n\n\n<h3 class=\"wp-block-heading\" id=\"h-para-colaboradores\"><a><\/a> <strong>Para colaboradores:<\/strong><\/h3>\n\n\n\n<ul class=\"wp-block-list\">\n<li>Refor\u00e7a o orgulho de pertencer a uma marca com responsabilidade;<br><br><\/li>\n\n\n\n<li>Inspira comportamentos sustent\u00e1veis no cotidiano de trabalho;<br><br><\/li>\n\n\n\n<li>Conecta os valores institucionais a a\u00e7\u00f5es reais e mensur\u00e1veis.<br><br><br><\/li>\n<\/ul>\n\n\n\n<h3 class=\"wp-block-heading\" id=\"h-para-clientes-e-parceiros\"><a><\/a> <strong>Para clientes e parceiros:<\/strong><\/h3>\n\n\n\n<ul class=\"wp-block-list\">\n<li>Transmite seriedade, coer\u00eancia e vis\u00e3o de futuro;<br><br><\/li>\n\n\n\n<li>Gera valor reputacional e diferencial competitivo;<br><br><\/li>\n\n\n\n<li>Fortalece v\u00ednculos com consumidores conscientes.<br><br><br><\/li>\n<\/ul>\n\n\n\n<h3 class=\"wp-block-heading\" id=\"h-para-o-publico-em-geral\"><a><\/a> <strong>Para o p\u00fablico em geral:<\/strong><\/h3>\n\n\n\n<ul class=\"wp-block-list\">\n<li>Cria <strong>eventos memor\u00e1veis e com prop\u00f3sito<\/strong>;<br><br><\/li>\n\n\n\n<li>Amplifica o alcance da mensagem por meio de boas pr\u00e1ticas;<br><br><\/li>\n\n\n\n<li>Posiciona a marca como protagonista de uma agenda positiva.<br><br><br><\/li>\n<\/ul>\n\n\n\n<h2 class=\"wp-block-heading\" id=\"h-inovacao-e-sustentabilidade-uma-combinacao-poderosa\"><a><\/a> <strong>Inova\u00e7\u00e3o e sustentabilidade: uma combina\u00e7\u00e3o poderosa<\/strong><\/h2>\n\n\n\n<p>A sustentabilidade n\u00e3o precisa ser uma limita\u00e7\u00e3o criativa. Pelo contr\u00e1rio: ela <strong>abre caminho para solu\u00e7\u00f5es mais inteligentes, tecnol\u00f3gicas e impactantes<\/strong>.<\/p>\n\n\n\n<p>A <strong>Nexacorp<\/strong> aposta na inova\u00e7\u00e3o como aliada da sustentabilidade, utilizando:<\/p>\n\n\n\n<ul class=\"wp-block-list\">\n<li><strong>Plataformas digitais<\/strong> para reduzir papel e ampliar o alcance;<br><br><\/li>\n\n\n\n<li><strong>Realidade aumentada<\/strong> e experi\u00eancias interativas sem material impresso;<br><br><\/li>\n\n\n\n<li><strong>Cenografia virtual<\/strong> e espa\u00e7os 3D para eventos h\u00edbridos;<br><br><\/li>\n\n\n\n<li>Aplicativos com informa\u00e7\u00f5es, intera\u00e7\u00f5es e avalia\u00e7\u00f5es em tempo real;<br><br><\/li>\n\n\n\n<li>Integra\u00e7\u00e3o de <strong>gamifica\u00e7\u00e3o com a\u00e7\u00f5es de conscientiza\u00e7\u00e3o ambiental<\/strong>.<br><br><br><\/li>\n<\/ul>\n\n\n\n<p>Essa abordagem transforma os eventos em <strong>laborat\u00f3rios vivos de inova\u00e7\u00e3o respons\u00e1vel<\/strong>, conectando prop\u00f3sito e experi\u00eancia.<\/p>\n\n\n\n<h2 class=\"wp-block-heading\" id=\"h-a-forca-de-uma-agencia-com-visao-estrategica-e-consciencia-ambiental\"><a><\/a> <strong>A for\u00e7a de uma ag\u00eancia com vis\u00e3o estrat\u00e9gica e consci\u00eancia ambiental<\/strong><\/h2>\n\n\n\n<p>Ao escolher uma <strong>ag\u00eancia de eventos corporativos<\/strong>, as empresas n\u00e3o est\u00e3o apenas contratando uma prestadora de servi\u00e7os. Est\u00e3o <strong>selecionando uma parceira estrat\u00e9gica<\/strong>, que ser\u00e1 respons\u00e1vel por materializar seus valores e posicionamento diante de colaboradores, clientes e sociedade.<\/p>\n\n\n\n<p>A <strong>Nexacorp<\/strong>, com mais de 30 anos de atua\u00e7\u00e3o no mercado, se destaca por:<\/p>\n\n\n\n<ul class=\"wp-block-list\">\n<li>Aliar <strong>expertise em grandes eventos<\/strong> com pr\u00e1ticas sustent\u00e1veis reais;<br><br><\/li>\n\n\n\n<li>Planejar e executar com <strong>efici\u00eancia, criatividade e responsabilidade<\/strong>;<br><br><\/li>\n\n\n\n<li>Oferecer <strong>solu\u00e7\u00f5es customizadas<\/strong>, adaptadas ao porte e objetivo de cada evento;<br><br><\/li>\n\n\n\n<li>Trabalhar com <strong>transpar\u00eancia, m\u00e9tricas e resultados mensur\u00e1veis<\/strong>;<br><br><\/li>\n\n\n\n<li>Ter uma vis\u00e3o de futuro pautada pela <strong>inova\u00e7\u00e3o com impacto positivo<\/strong>.<\/li>\n<\/ul>\n","protected":false},"excerpt":{"rendered":"<p>A sustentabilidade deixou de ser apenas uma pauta institucional para se tornar uma exig\u00eancia real do mercado. Em um cen\u00e1rio onde empresas, consumidores e investidores&hellip;<\/p>\n","protected":false},"author":2,"featured_media":177,"comment_status":"open","ping_status":"open","sticky":false,"template":"","format":"standard","meta":{"footnotes":""},"categories":[29],"tags":[35,31,38,32,36,30,33,39],"class_list":["post-176","post","type-post","status-publish","format-standard","has-post-thumbnail","hentry","category-eventos-corporativos","tag-cenografia","tag-corporativo","tag-corporativos","tag-evento","tag-eventos-corporativo","tag-eventos-corporativos","tag-mundo-corporativo","tag-sustentabilidade",""],"yoast_head":"<!-- This site is optimized with the Yoast SEO Premium plugin v25.9 (Yoast SEO v27.5) - https:\/\/yoast.com\/product\/yoast-seo-premium-wordpress\/ -->\n<title>Ag\u00eancia de Eventos Corporativos: Sustentabilidade em eventos corporativos: do discurso \u00e0 pr\u00e1tica - Nexacorp<\/title>\n<meta name=\"description\" content=\"Ao escolher uma ag\u00eancia de eventos corporativos, as empresas n\u00e3o est\u00e3o apenas contratando uma prestadora de servi\u00e7os. Est\u00e3o selecionando...\" \/>\n<meta name=\"robots\" content=\"index, follow, max-snippet:-1, max-image-preview:large, max-video-preview:-1\" \/>\n<link rel=\"canonical\" href=\"https:\/\/www.nexacorp.com.br\/blog\/sustentabilidade-em-eventos-corporativos-do-discurso-a-pratica\/\" \/>\n<meta property=\"og:locale\" content=\"pt_BR\" \/>\n<meta property=\"og:type\" content=\"article\" \/>\n<meta property=\"og:title\" content=\"Sustentabilidade em eventos corporativos: do discurso \u00e0 pr\u00e1tica\" \/>\n<meta property=\"og:description\" content=\"Ao escolher uma ag\u00eancia de eventos corporativos, as empresas n\u00e3o est\u00e3o apenas contratando uma prestadora de servi\u00e7os. Est\u00e3o selecionando...\" \/>\n<meta property=\"og:url\" content=\"https:\/\/www.nexacorp.com.br\/blog\/sustentabilidade-em-eventos-corporativos-do-discurso-a-pratica\/\" \/>\n<meta property=\"og:site_name\" content=\"Nexacorp\" \/>\n<meta property=\"article:publisher\" content=\"https:\/\/www.facebook.com\/clinicanatur\" \/>\n<meta property=\"article:published_time\" content=\"2025-09-24T08:23:00+00:00\" \/>\n<meta property=\"article:modified_time\" content=\"2025-10-15T08:25:05+00:00\" \/>\n<meta property=\"og:image\" content=\"https:\/\/www.nexacorp.com.br\/blog\/wp-content\/uploads\/2025\/10\/agencia-de-eventos-corporativos.jpg\" \/>\n\t<meta property=\"og:image:width\" content=\"740\" \/>\n\t<meta property=\"og:image:height\" content=\"415\" \/>\n\t<meta property=\"og:image:type\" content=\"image\/jpeg\" \/>\n<meta name=\"author\" content=\"Admin\" \/>\n<meta name=\"twitter:card\" content=\"summary_large_image\" \/>\n<meta name=\"twitter:label1\" content=\"Escrito por\" \/>\n\t<meta name=\"twitter:data1\" content=\"Admin\" \/>\n\t<meta name=\"twitter:label2\" content=\"Est. tempo de leitura\" \/>\n\t<meta name=\"twitter:data2\" content=\"7 minutos\" \/>\n<script type=\"application\/ld+json\" class=\"yoast-schema-graph\">{\"@context\":\"https:\\\/\\\/schema.org\",\"@graph\":[{\"@type\":\"Article\",\"@id\":\"https:\\\/\\\/www.nexacorp.com.br\\\/blog\\\/sustentabilidade-em-eventos-corporativos-do-discurso-a-pratica\\\/#article\",\"isPartOf\":{\"@id\":\"https:\\\/\\\/www.nexacorp.com.br\\\/blog\\\/sustentabilidade-em-eventos-corporativos-do-discurso-a-pratica\\\/\"},\"author\":{\"name\":\"Admin\",\"@id\":\"https:\\\/\\\/www.nexacorp.com.br\\\/blog\\\/#\\\/schema\\\/person\\\/fc4c45f297f0b2b6d331821e5c42aee1\"},\"headline\":\"Sustentabilidade em eventos corporativos: do discurso \u00e0 pr\u00e1tica\",\"datePublished\":\"2025-09-24T08:23:00+00:00\",\"dateModified\":\"2025-10-15T08:25:05+00:00\",\"mainEntityOfPage\":{\"@id\":\"https:\\\/\\\/www.nexacorp.com.br\\\/blog\\\/sustentabilidade-em-eventos-corporativos-do-discurso-a-pratica\\\/\"},\"wordCount\":1272,\"commentCount\":0,\"publisher\":{\"@id\":\"https:\\\/\\\/www.nexacorp.com.br\\\/blog\\\/#organization\"},\"image\":{\"@id\":\"https:\\\/\\\/www.nexacorp.com.br\\\/blog\\\/sustentabilidade-em-eventos-corporativos-do-discurso-a-pratica\\\/#primaryimage\"},\"thumbnailUrl\":\"https:\\\/\\\/www.nexacorp.com.br\\\/blog\\\/wp-content\\\/uploads\\\/2025\\\/10\\\/agencia-de-eventos-corporativos.jpg\",\"keywords\":[\"cenografia\",\"Corporativo\",\"Corporativos\",\"Evento\",\"Eventos Corporativo\",\"eventos corporativos\",\"Mundo Corporativo\",\"Sustentabilidade\"],\"articleSection\":[\"Eventos Corporativos\"],\"inLanguage\":\"pt-BR\",\"potentialAction\":[{\"@type\":\"CommentAction\",\"name\":\"Comment\",\"target\":[\"https:\\\/\\\/www.nexacorp.com.br\\\/blog\\\/sustentabilidade-em-eventos-corporativos-do-discurso-a-pratica\\\/#respond\"]}]},{\"@type\":\"WebPage\",\"@id\":\"https:\\\/\\\/www.nexacorp.com.br\\\/blog\\\/sustentabilidade-em-eventos-corporativos-do-discurso-a-pratica\\\/\",\"url\":\"https:\\\/\\\/www.nexacorp.com.br\\\/blog\\\/sustentabilidade-em-eventos-corporativos-do-discurso-a-pratica\\\/\",\"name\":\"Ag\u00eancia de Eventos Corporativos: Sustentabilidade em eventos corporativos: do discurso \u00e0 pr\u00e1tica - Nexacorp\",\"isPartOf\":{\"@id\":\"https:\\\/\\\/www.nexacorp.com.br\\\/blog\\\/#website\"},\"primaryImageOfPage\":{\"@id\":\"https:\\\/\\\/www.nexacorp.com.br\\\/blog\\\/sustentabilidade-em-eventos-corporativos-do-discurso-a-pratica\\\/#primaryimage\"},\"image\":{\"@id\":\"https:\\\/\\\/www.nexacorp.com.br\\\/blog\\\/sustentabilidade-em-eventos-corporativos-do-discurso-a-pratica\\\/#primaryimage\"},\"thumbnailUrl\":\"https:\\\/\\\/www.nexacorp.com.br\\\/blog\\\/wp-content\\\/uploads\\\/2025\\\/10\\\/agencia-de-eventos-corporativos.jpg\",\"datePublished\":\"2025-09-24T08:23:00+00:00\",\"dateModified\":\"2025-10-15T08:25:05+00:00\",\"description\":\"Ao escolher uma ag\u00eancia de eventos corporativos, as empresas n\u00e3o est\u00e3o apenas contratando uma prestadora de servi\u00e7os. Est\u00e3o selecionando...\",\"breadcrumb\":{\"@id\":\"https:\\\/\\\/www.nexacorp.com.br\\\/blog\\\/sustentabilidade-em-eventos-corporativos-do-discurso-a-pratica\\\/#breadcrumb\"},\"inLanguage\":\"pt-BR\",\"potentialAction\":[{\"@type\":\"ReadAction\",\"target\":[\"https:\\\/\\\/www.nexacorp.com.br\\\/blog\\\/sustentabilidade-em-eventos-corporativos-do-discurso-a-pratica\\\/\"]}]},{\"@type\":\"ImageObject\",\"inLanguage\":\"pt-BR\",\"@id\":\"https:\\\/\\\/www.nexacorp.com.br\\\/blog\\\/sustentabilidade-em-eventos-corporativos-do-discurso-a-pratica\\\/#primaryimage\",\"url\":\"https:\\\/\\\/www.nexacorp.com.br\\\/blog\\\/wp-content\\\/uploads\\\/2025\\\/10\\\/agencia-de-eventos-corporativos.jpg\",\"contentUrl\":\"https:\\\/\\\/www.nexacorp.com.br\\\/blog\\\/wp-content\\\/uploads\\\/2025\\\/10\\\/agencia-de-eventos-corporativos.jpg\",\"width\":740,\"height\":415,\"caption\":\"ag\u00eancia de eventos corporativos\"},{\"@type\":\"BreadcrumbList\",\"@id\":\"https:\\\/\\\/www.nexacorp.com.br\\\/blog\\\/sustentabilidade-em-eventos-corporativos-do-discurso-a-pratica\\\/#breadcrumb\",\"itemListElement\":[{\"@type\":\"ListItem\",\"position\":1,\"name\":\"In\u00edcio\",\"item\":\"https:\\\/\\\/www.nexacorp.com.br\\\/blog\\\/\"},{\"@type\":\"ListItem\",\"position\":2,\"name\":\"Sustentabilidade em eventos corporativos: do discurso \u00e0 pr\u00e1tica\"}]},{\"@type\":\"WebSite\",\"@id\":\"https:\\\/\\\/www.nexacorp.com.br\\\/blog\\\/#website\",\"url\":\"https:\\\/\\\/www.nexacorp.com.br\\\/blog\\\/\",\"name\":\"Cl\u00ednica Natural Health\",\"description\":\"Na NexaCorp, a excel\u00eancia e a inova\u00e7\u00e3o se encontram para criar eventos corporativos que s\u00e3o verdadeiramente inesquec\u00edveis.\",\"publisher\":{\"@id\":\"https:\\\/\\\/www.nexacorp.com.br\\\/blog\\\/#organization\"},\"potentialAction\":[{\"@type\":\"SearchAction\",\"target\":{\"@type\":\"EntryPoint\",\"urlTemplate\":\"https:\\\/\\\/www.nexacorp.com.br\\\/blog\\\/?s={search_term_string}\"},\"query-input\":{\"@type\":\"PropertyValueSpecification\",\"valueRequired\":true,\"valueName\":\"search_term_string\"}}],\"inLanguage\":\"pt-BR\"},{\"@type\":[\"Organization\",\"Place\"],\"@id\":\"https:\\\/\\\/www.nexacorp.com.br\\\/blog\\\/#organization\",\"name\":\"Natural Health\",\"alternateName\":\"Natural Health\",\"url\":\"https:\\\/\\\/www.nexacorp.com.br\\\/blog\\\/\",\"logo\":{\"@id\":\"https:\\\/\\\/www.nexacorp.com.br\\\/blog\\\/sustentabilidade-em-eventos-corporativos-do-discurso-a-pratica\\\/#local-main-organization-logo\"},\"image\":{\"@id\":\"https:\\\/\\\/www.nexacorp.com.br\\\/blog\\\/sustentabilidade-em-eventos-corporativos-do-discurso-a-pratica\\\/#local-main-organization-logo\"},\"sameAs\":[\"https:\\\/\\\/www.facebook.com\\\/clinicanatur\"],\"description\":\"Somos uma cl\u00ednica especializada em terapias hol\u00edsticas e ortomoleculares. Nosso foco \u00e9 tratar a causa dos problemas de sa\u00fade e n\u00e3o apenas os sintomas, acolhendo cada pessoa de forma \u00fanica.\",\"telephone\":[],\"openingHoursSpecification\":[{\"@type\":\"OpeningHoursSpecification\",\"dayOfWeek\":[\"Sunday\",\"Monday\",\"Tuesday\",\"Wednesday\",\"Thursday\",\"Friday\",\"Saturday\"],\"opens\":\"09:00\",\"closes\":\"17:00\"}]},{\"@type\":\"Person\",\"@id\":\"https:\\\/\\\/www.nexacorp.com.br\\\/blog\\\/#\\\/schema\\\/person\\\/fc4c45f297f0b2b6d331821e5c42aee1\",\"name\":\"Admin\",\"image\":{\"@type\":\"ImageObject\",\"inLanguage\":\"pt-BR\",\"@id\":\"https:\\\/\\\/secure.gravatar.com\\\/avatar\\\/ae92580851fb03298934a1b9611b38c6dbe9c76ce20ff6d3222955b1fd38e5da?s=96&d=mm&r=g\",\"url\":\"https:\\\/\\\/secure.gravatar.com\\\/avatar\\\/ae92580851fb03298934a1b9611b38c6dbe9c76ce20ff6d3222955b1fd38e5da?s=96&d=mm&r=g\",\"contentUrl\":\"https:\\\/\\\/secure.gravatar.com\\\/avatar\\\/ae92580851fb03298934a1b9611b38c6dbe9c76ce20ff6d3222955b1fd38e5da?s=96&d=mm&r=g\",\"caption\":\"Admin\"},\"url\":\"https:\\\/\\\/www.nexacorp.com.br\\\/blog\\\/author\\\/admin\\\/\"},{\"@type\":\"ImageObject\",\"inLanguage\":\"pt-BR\",\"@id\":\"https:\\\/\\\/www.nexacorp.com.br\\\/blog\\\/sustentabilidade-em-eventos-corporativos-do-discurso-a-pratica\\\/#local-main-organization-logo\",\"url\":\"https:\\\/\\\/www.nexacorp.com.br\\\/blog\\\/wp-content\\\/uploads\\\/2025\\\/09\\\/logo.webp\",\"contentUrl\":\"https:\\\/\\\/www.nexacorp.com.br\\\/blog\\\/wp-content\\\/uploads\\\/2025\\\/09\\\/logo.webp\",\"width\":105,\"height\":61,\"caption\":\"Natural Health\"}]}<\/script>\n<!-- \/ Yoast SEO Premium plugin. -->","yoast_head_json":{"title":"Ag\u00eancia de Eventos Corporativos: Sustentabilidade em eventos corporativos: do discurso \u00e0 pr\u00e1tica - Nexacorp","description":"Ao escolher uma ag\u00eancia de eventos corporativos, as empresas n\u00e3o est\u00e3o apenas contratando uma prestadora de servi\u00e7os. Est\u00e3o selecionando...","robots":{"index":"index","follow":"follow","max-snippet":"max-snippet:-1","max-image-preview":"max-image-preview:large","max-video-preview":"max-video-preview:-1"},"canonical":"https:\/\/www.nexacorp.com.br\/blog\/sustentabilidade-em-eventos-corporativos-do-discurso-a-pratica\/","og_locale":"pt_BR","og_type":"article","og_title":"Sustentabilidade em eventos corporativos: do discurso \u00e0 pr\u00e1tica","og_description":"Ao escolher uma ag\u00eancia de eventos corporativos, as empresas n\u00e3o est\u00e3o apenas contratando uma prestadora de servi\u00e7os. Est\u00e3o selecionando...","og_url":"https:\/\/www.nexacorp.com.br\/blog\/sustentabilidade-em-eventos-corporativos-do-discurso-a-pratica\/","og_site_name":"Nexacorp","article_publisher":"https:\/\/www.facebook.com\/clinicanatur","article_published_time":"2025-09-24T08:23:00+00:00","article_modified_time":"2025-10-15T08:25:05+00:00","og_image":[{"width":740,"height":415,"url":"https:\/\/www.nexacorp.com.br\/blog\/wp-content\/uploads\/2025\/10\/agencia-de-eventos-corporativos.jpg","type":"image\/jpeg"}],"author":"Admin","twitter_card":"summary_large_image","twitter_misc":{"Escrito por":"Admin","Est. tempo de leitura":"7 minutos"},"schema":{"@context":"https:\/\/schema.org","@graph":[{"@type":"Article","@id":"https:\/\/www.nexacorp.com.br\/blog\/sustentabilidade-em-eventos-corporativos-do-discurso-a-pratica\/#article","isPartOf":{"@id":"https:\/\/www.nexacorp.com.br\/blog\/sustentabilidade-em-eventos-corporativos-do-discurso-a-pratica\/"},"author":{"name":"Admin","@id":"https:\/\/www.nexacorp.com.br\/blog\/#\/schema\/person\/fc4c45f297f0b2b6d331821e5c42aee1"},"headline":"Sustentabilidade em eventos corporativos: do discurso \u00e0 pr\u00e1tica","datePublished":"2025-09-24T08:23:00+00:00","dateModified":"2025-10-15T08:25:05+00:00","mainEntityOfPage":{"@id":"https:\/\/www.nexacorp.com.br\/blog\/sustentabilidade-em-eventos-corporativos-do-discurso-a-pratica\/"},"wordCount":1272,"commentCount":0,"publisher":{"@id":"https:\/\/www.nexacorp.com.br\/blog\/#organization"},"image":{"@id":"https:\/\/www.nexacorp.com.br\/blog\/sustentabilidade-em-eventos-corporativos-do-discurso-a-pratica\/#primaryimage"},"thumbnailUrl":"https:\/\/www.nexacorp.com.br\/blog\/wp-content\/uploads\/2025\/10\/agencia-de-eventos-corporativos.jpg","keywords":["cenografia","Corporativo","Corporativos","Evento","Eventos Corporativo","eventos corporativos","Mundo Corporativo","Sustentabilidade"],"articleSection":["Eventos Corporativos"],"inLanguage":"pt-BR","potentialAction":[{"@type":"CommentAction","name":"Comment","target":["https:\/\/www.nexacorp.com.br\/blog\/sustentabilidade-em-eventos-corporativos-do-discurso-a-pratica\/#respond"]}]},{"@type":"WebPage","@id":"https:\/\/www.nexacorp.com.br\/blog\/sustentabilidade-em-eventos-corporativos-do-discurso-a-pratica\/","url":"https:\/\/www.nexacorp.com.br\/blog\/sustentabilidade-em-eventos-corporativos-do-discurso-a-pratica\/","name":"Ag\u00eancia de Eventos Corporativos: Sustentabilidade em eventos corporativos: do discurso \u00e0 pr\u00e1tica - Nexacorp","isPartOf":{"@id":"https:\/\/www.nexacorp.com.br\/blog\/#website"},"primaryImageOfPage":{"@id":"https:\/\/www.nexacorp.com.br\/blog\/sustentabilidade-em-eventos-corporativos-do-discurso-a-pratica\/#primaryimage"},"image":{"@id":"https:\/\/www.nexacorp.com.br\/blog\/sustentabilidade-em-eventos-corporativos-do-discurso-a-pratica\/#primaryimage"},"thumbnailUrl":"https:\/\/www.nexacorp.com.br\/blog\/wp-content\/uploads\/2025\/10\/agencia-de-eventos-corporativos.jpg","datePublished":"2025-09-24T08:23:00+00:00","dateModified":"2025-10-15T08:25:05+00:00","description":"Ao escolher uma ag\u00eancia de eventos corporativos, as empresas n\u00e3o est\u00e3o apenas contratando uma prestadora de servi\u00e7os. Est\u00e3o selecionando...","breadcrumb":{"@id":"https:\/\/www.nexacorp.com.br\/blog\/sustentabilidade-em-eventos-corporativos-do-discurso-a-pratica\/#breadcrumb"},"inLanguage":"pt-BR","potentialAction":[{"@type":"ReadAction","target":["https:\/\/www.nexacorp.com.br\/blog\/sustentabilidade-em-eventos-corporativos-do-discurso-a-pratica\/"]}]},{"@type":"ImageObject","inLanguage":"pt-BR","@id":"https:\/\/www.nexacorp.com.br\/blog\/sustentabilidade-em-eventos-corporativos-do-discurso-a-pratica\/#primaryimage","url":"https:\/\/www.nexacorp.com.br\/blog\/wp-content\/uploads\/2025\/10\/agencia-de-eventos-corporativos.jpg","contentUrl":"https:\/\/www.nexacorp.com.br\/blog\/wp-content\/uploads\/2025\/10\/agencia-de-eventos-corporativos.jpg","width":740,"height":415,"caption":"ag\u00eancia de eventos corporativos"},{"@type":"BreadcrumbList","@id":"https:\/\/www.nexacorp.com.br\/blog\/sustentabilidade-em-eventos-corporativos-do-discurso-a-pratica\/#breadcrumb","itemListElement":[{"@type":"ListItem","position":1,"name":"In\u00edcio","item":"https:\/\/www.nexacorp.com.br\/blog\/"},{"@type":"ListItem","position":2,"name":"Sustentabilidade em eventos corporativos: do discurso \u00e0 pr\u00e1tica"}]},{"@type":"WebSite","@id":"https:\/\/www.nexacorp.com.br\/blog\/#website","url":"https:\/\/www.nexacorp.com.br\/blog\/","name":"Cl\u00ednica Natural Health","description":"Na NexaCorp, a excel\u00eancia e a inova\u00e7\u00e3o se encontram para criar eventos corporativos que s\u00e3o verdadeiramente inesquec\u00edveis.","publisher":{"@id":"https:\/\/www.nexacorp.com.br\/blog\/#organization"},"potentialAction":[{"@type":"SearchAction","target":{"@type":"EntryPoint","urlTemplate":"https:\/\/www.nexacorp.com.br\/blog\/?s={search_term_string}"},"query-input":{"@type":"PropertyValueSpecification","valueRequired":true,"valueName":"search_term_string"}}],"inLanguage":"pt-BR"},{"@type":["Organization","Place"],"@id":"https:\/\/www.nexacorp.com.br\/blog\/#organization","name":"Natural Health","alternateName":"Natural Health","url":"https:\/\/www.nexacorp.com.br\/blog\/","logo":{"@id":"https:\/\/www.nexacorp.com.br\/blog\/sustentabilidade-em-eventos-corporativos-do-discurso-a-pratica\/#local-main-organization-logo"},"image":{"@id":"https:\/\/www.nexacorp.com.br\/blog\/sustentabilidade-em-eventos-corporativos-do-discurso-a-pratica\/#local-main-organization-logo"},"sameAs":["https:\/\/www.facebook.com\/clinicanatur"],"description":"Somos uma cl\u00ednica especializada em terapias hol\u00edsticas e ortomoleculares. Nosso foco \u00e9 tratar a causa dos problemas de sa\u00fade e n\u00e3o apenas os sintomas, acolhendo cada pessoa de forma \u00fanica.","telephone":[],"openingHoursSpecification":[{"@type":"OpeningHoursSpecification","dayOfWeek":["Sunday","Monday","Tuesday","Wednesday","Thursday","Friday","Saturday"],"opens":"09:00","closes":"17:00"}]},{"@type":"Person","@id":"https:\/\/www.nexacorp.com.br\/blog\/#\/schema\/person\/fc4c45f297f0b2b6d331821e5c42aee1","name":"Admin","image":{"@type":"ImageObject","inLanguage":"pt-BR","@id":"https:\/\/secure.gravatar.com\/avatar\/ae92580851fb03298934a1b9611b38c6dbe9c76ce20ff6d3222955b1fd38e5da?s=96&d=mm&r=g","url":"https:\/\/secure.gravatar.com\/avatar\/ae92580851fb03298934a1b9611b38c6dbe9c76ce20ff6d3222955b1fd38e5da?s=96&d=mm&r=g","contentUrl":"https:\/\/secure.gravatar.com\/avatar\/ae92580851fb03298934a1b9611b38c6dbe9c76ce20ff6d3222955b1fd38e5da?s=96&d=mm&r=g","caption":"Admin"},"url":"https:\/\/www.nexacorp.com.br\/blog\/author\/admin\/"},{"@type":"ImageObject","inLanguage":"pt-BR","@id":"https:\/\/www.nexacorp.com.br\/blog\/sustentabilidade-em-eventos-corporativos-do-discurso-a-pratica\/#local-main-organization-logo","url":"https:\/\/www.nexacorp.com.br\/blog\/wp-content\/uploads\/2025\/09\/logo.webp","contentUrl":"https:\/\/www.nexacorp.com.br\/blog\/wp-content\/uploads\/2025\/09\/logo.webp","width":105,"height":61,"caption":"Natural Health"}]}},"_links":{"self":[{"href":"https:\/\/www.nexacorp.com.br\/blog\/wp-json\/wp\/v2\/posts\/176","targetHints":{"allow":["GET"]}}],"collection":[{"href":"https:\/\/www.nexacorp.com.br\/blog\/wp-json\/wp\/v2\/posts"}],"about":[{"href":"https:\/\/www.nexacorp.com.br\/blog\/wp-json\/wp\/v2\/types\/post"}],"author":[{"embeddable":true,"href":"https:\/\/www.nexacorp.com.br\/blog\/wp-json\/wp\/v2\/users\/2"}],"replies":[{"embeddable":true,"href":"https:\/\/www.nexacorp.com.br\/blog\/wp-json\/wp\/v2\/comments?post=176"}],"version-history":[{"count":1,"href":"https:\/\/www.nexacorp.com.br\/blog\/wp-json\/wp\/v2\/posts\/176\/revisions"}],"predecessor-version":[{"id":178,"href":"https:\/\/www.nexacorp.com.br\/blog\/wp-json\/wp\/v2\/posts\/176\/revisions\/178"}],"wp:featuredmedia":[{"embeddable":true,"href":"https:\/\/www.nexacorp.com.br\/blog\/wp-json\/wp\/v2\/media\/177"}],"wp:attachment":[{"href":"https:\/\/www.nexacorp.com.br\/blog\/wp-json\/wp\/v2\/media?parent=176"}],"wp:term":[{"taxonomy":"category","embeddable":true,"href":"https:\/\/www.nexacorp.com.br\/blog\/wp-json\/wp\/v2\/categories?post=176"},{"taxonomy":"post_tag","embeddable":true,"href":"https:\/\/www.nexacorp.com.br\/blog\/wp-json\/wp\/v2\/tags?post=176"}],"curies":[{"name":"wp","href":"https:\/\/api.w.org\/{rel}","templated":true}]}}